{"id":8340,"date":"2020-03-24T09:00:10","date_gmt":"2020-03-24T08:00:10","guid":{"rendered":"https:\/\/www.ecolive.com\/?p=8340"},"modified":"2020-02-28T09:30:10","modified_gmt":"2020-02-28T08:30:10","slug":"eco-work-espace-de-co-working-a-nantes","status":"publish","type":"post","link":"https:\/\/www.ecolive.com\/fr\/notreactu\/eco-work-espace-de-co-working-a-nantes\/","title":{"rendered":"Ecolive \u00e9tend ses activit\u00e9s avec le lancement de son espace de co-working \u00e0 Nantes"},"content":{"rendered":"<p>Fin 2019, la soci\u00e9t\u00e9 Ecolive a d\u00e9cid\u00e9 d\u2019investir dans les locaux derri\u00e8re leurs bureaux, afin de cr\u00e9er un nouvel espace de co-working \u00e0 Nantes, et plus pr\u00e9cis\u00e9ment \u00e0 Vertou.<\/p>\n<h2><strong>Qu\u2019est-ce que le co-working\u00a0?<\/strong><\/h2>\n<p>Apparu dans les ann\u00e9es 80 \u00e0 Berlin, le co-working s\u2019est rapidement export\u00e9 aux Etats-Unis et en Europe. Le co-working conna\u00eet un fort d\u00e9veloppement depuis ces derni\u00e8res ann\u00e9es\u00a0! Mais qu\u2019est-ce que le co-working\u00a0?<\/p>\n<p>Le co-working est un terme anglophone qui signifie \u00ab\u00a0travailler ensemble\u00a0\u00bb.\u00a0 Il s\u2019agit d\u2019un nouveau mode de travail qui r\u00e9unit plusieurs soci\u00e9t\u00e9s dans un espace d\u00e9di\u00e9. Dans cet espace collaboratif, on retrouve souvent des consultants, des ind\u00e9pendants, mais aussi des freelances. Chacun d\u2019entre eux va se retrouver avec des comp\u00e9tences diff\u00e9rentes dans un m\u00eame espace, ce qui va parfois permettre de g\u00e9n\u00e9rer une entraide ou m\u00eame des partenariats.<\/p>\n<p>Les espaces de co-working peuvent prendre plusieurs formes et peuvent aussi bien \u00eatre des bureaux qu\u2019un caf\u00e9 am\u00e9nag\u00e9. En plus du cadre de travail, les espaces de co-working pr\u00e9sentent de nombreux avantages\u00a0(bureau, wifi, salles de r\u00e9union\u2026).<\/p>\n<h2><strong>Eco-work, le nouvel espace de co-working de la r\u00e9gion nantaise.<\/strong><\/h2>\n<img decoding=\"async\" loading=\"lazy\" class=\"size-medium wp-image-8353 aligncenter\" data-src=\"\/assets\/2020\/02\/ecowork-logo-300x300.png\" data-lazy-img data-fade-in  alt=\"logo-eco-work\" width=\"300\" height=\"300\" data-srcset=\"https:\/\/www.ecolive.com\/assets\/2020\/02\/ecowork-logo-300x300.png 300w, https:\/\/www.ecolive.com\/assets\/2020\/02\/ecowork-logo-1024x1024.png 1024w, https:\/\/www.ecolive.com\/assets\/2020\/02\/ecowork-logo-150x150.png 150w, https:\/\/www.ecolive.com\/assets\/2020\/02\/ecowork-logo-768x768.png 768w, https:\/\/www.ecolive.com\/assets\/2020\/02\/ecowork-logo-1536x1536.png 1536w, https:\/\/www.ecolive.com\/assets\/2020\/02\/ecowork-logo-272x272.png 272w, https:\/\/www.ecolive.com\/assets\/2020\/02\/ecowork-logo-418x418.png 418w, https:\/\/www.ecolive.com\/assets\/2020\/02\/ecowork-logo-225x225.png 225w, https:\/\/www.ecolive.com\/assets\/2020\/02\/ecowork-logo-96x96.png 96w, https:\/\/www.ecolive.com\/assets\/2020\/02\/ecowork-logo-320x320.png 320w, https:\/\/www.ecolive.com\/assets\/2020\/02\/ecowork-logo-200x200.png 200w, https:\/\/www.ecolive.com\/assets\/2020\/02\/ecowork-logo-590x590.png 590w, https:\/\/www.ecolive.com\/assets\/2020\/02\/ecowork-logo-700x700.png 700w, https:\/\/www.ecolive.com\/assets\/2020\/02\/ecowork-logo-640x640.png 640w, https:\/\/www.ecolive.com\/assets\/2020\/02\/ecowork-logo.png 1730w\" data-sizes=\"(max-width: 300px) 100vw, 300px\" \/>\n<p><a href=\"https:\/\/www.eco-work.fr\/\">L\u2019espace de co-working ECO WORK<\/a> a \u00e9t\u00e9 cr\u00e9\u00e9 en 2019 par Gregory Gicquel et Olivier Potaufeux, fondateurs de la soci\u00e9t\u00e9 ECOLIVE. Impliqu\u00e9s dans les r\u00e9seaux d\u2019entreprises Nantais (R\u00e9seaux Entreprendre, CCI Nantes St Nazaire), ils ont d\u00e9cid\u00e9 d\u2019accompagner les jeunes entreprises de la r\u00e9gion en cr\u00e9ant cet espace de co-working \u00e0 Vertou.<\/p>\n<p>L\u2019objectif d\u2019Ecolive en cr\u00e9ant ce lieu est tout d\u2019abord d\u2019accueillir de jeunes entreprises en plein d\u00e9veloppement. Gr\u00e9gory et Olivier ont constat\u00e9 qu\u2019il manquait bel et bien d\u2019espace de co-working dans le sud loire. Par cons\u00e9quent, ils souhaitaient implanter un espace de co-working en p\u00e9riph\u00e9rie de Nantes, afin de rendre disponible ce service \u00e0 l\u2019ext\u00e9rieur du centre-ville. En effet, les espaces de co-working \u00e0 Nantes sont nombreux, alors qu\u2019en p\u00e9riph\u00e9rie nous en d\u00e9nombrons tr\u00e8s peu. Les jeunes entreprises, ne souhaitent pas toujours s\u2019implanter en centre-ville de Nantes pour plusieurs raisons et notamment les suivantes\u00a0: le prix et la circulation.<\/p>\n<p>Enfin, Eco Work est une solution de co-working favorisant les d\u00e9marches RSE, puisqu\u2019il permet d\u2019\u00e9viter d&rsquo;aller dans le centre-ville et donc d\u2019\u00e9viter les bouchons. De plus, Ecolive met un compost \u00e0 disposition d\u2019Eco Work!<\/p>\n<p>Les locaux d\u2019Eco Work sont situ\u00e9s dans la zone de la Vertonne. \u00c0 5 minutes \u00e0 pied, de la gare de Vertou, ils sont largement accessibles pour tous\u00a0! L&rsquo;espace se compose de 4 bureaux privatifs (10 et 25 m\u00b2) et de 15 postes individuels. Parfait pour travailleurs isol\u00e9s ou ind\u00e9pendants. L\u2019ambiance y est sympathique dans un environnement s\u00e9rieux.<\/p>\n<img decoding=\"async\" loading=\"lazy\" class=\"alignnone size-medium wp-image-8344\" data-src=\"\/assets\/2020\/02\/photo-cuisine-ecowork-300x300.jpg\" data-lazy-img data-fade-in  alt=\"eco-work-cuisine\" width=\"300\" height=\"300\" data-srcset=\"https:\/\/www.ecolive.com\/assets\/2020\/02\/photo-cuisine-ecowork-300x300.jpg 300w, https:\/\/www.ecolive.com\/assets\/2020\/02\/photo-cuisine-ecowork-1024x1021.jpg 1024w, https:\/\/www.ecolive.com\/assets\/2020\/02\/photo-cuisine-ecowork-150x150.jpg 150w, https:\/\/www.ecolive.com\/assets\/2020\/02\/photo-cuisine-ecowork-768x766.jpg 768w, https:\/\/www.ecolive.com\/assets\/2020\/02\/photo-cuisine-ecowork-273x272.jpg 273w, https:\/\/www.ecolive.com\/assets\/2020\/02\/photo-cuisine-ecowork-418x418.jpg 418w, https:\/\/www.ecolive.com\/assets\/2020\/02\/photo-cuisine-ecowork-226x225.jpg 226w, https:\/\/www.ecolive.com\/assets\/2020\/02\/photo-cuisine-ecowork-96x96.jpg 96w, https:\/\/www.ecolive.com\/assets\/2020\/02\/photo-cuisine-ecowork-321x320.jpg 321w, https:\/\/www.ecolive.com\/assets\/2020\/02\/photo-cuisine-ecowork-200x200.jpg 200w, https:\/\/www.ecolive.com\/assets\/2020\/02\/photo-cuisine-ecowork-590x589.jpg 590w, https:\/\/www.ecolive.com\/assets\/2020\/02\/photo-cuisine-ecowork-700x698.jpg 700w, https:\/\/www.ecolive.com\/assets\/2020\/02\/photo-cuisine-ecowork-640x638.jpg 640w, https:\/\/www.ecolive.com\/assets\/2020\/02\/photo-cuisine-ecowork.jpg 1216w\" data-sizes=\"(max-width: 300px) 100vw, 300px\" \/> <img decoding=\"async\" loading=\"lazy\" class=\"alignnone size-medium wp-image-8345\" data-src=\"\/assets\/2020\/02\/photo-openspace-ecowork-300x300.jpg\" data-lazy-img data-fade-in  alt=\"eco-work-bureau-vertou\" width=\"300\" height=\"300\" data-srcset=\"https:\/\/www.ecolive.com\/assets\/2020\/02\/photo-openspace-ecowork-300x300.jpg 300w, https:\/\/www.ecolive.com\/assets\/2020\/02\/photo-openspace-ecowork-1024x1024.jpg 1024w, https:\/\/www.ecolive.com\/assets\/2020\/02\/photo-openspace-ecowork-150x150.jpg 150w, https:\/\/www.ecolive.com\/assets\/2020\/02\/photo-openspace-ecowork-768x768.jpg 768w, https:\/\/www.ecolive.com\/assets\/2020\/02\/photo-openspace-ecowork-1536x1536.jpg 1536w, https:\/\/www.ecolive.com\/assets\/2020\/02\/photo-openspace-ecowork-272x272.jpg 272w, https:\/\/www.ecolive.com\/assets\/2020\/02\/photo-openspace-ecowork-418x418.jpg 418w, https:\/\/www.ecolive.com\/assets\/2020\/02\/photo-openspace-ecowork-225x225.jpg 225w, https:\/\/www.ecolive.com\/assets\/2020\/02\/photo-openspace-ecowork-96x96.jpg 96w, https:\/\/www.ecolive.com\/assets\/2020\/02\/photo-openspace-ecowork-320x320.jpg 320w, https:\/\/www.ecolive.com\/assets\/2020\/02\/photo-openspace-ecowork-200x200.jpg 200w, https:\/\/www.ecolive.com\/assets\/2020\/02\/photo-openspace-ecowork-590x590.jpg 590w, https:\/\/www.ecolive.com\/assets\/2020\/02\/photo-openspace-ecowork-700x700.jpg 700w, https:\/\/www.ecolive.com\/assets\/2020\/02\/photo-openspace-ecowork-640x640.jpg 640w, https:\/\/www.ecolive.com\/assets\/2020\/02\/photo-openspace-ecowork.jpg 1688w\" data-sizes=\"(max-width: 300px) 100vw, 300px\" \/>\n<p>&nbsp;<\/p>\n<p>Corn\u00e9lia<\/p>\n<p>&nbsp;<\/p>\n","protected":false},"excerpt":{"rendered":"<p>Fin 2019, la soci\u00e9t\u00e9 Ecolive a d\u00e9cid\u00e9 d\u2019investir dans les locaux derri\u00e8re leurs bureaux, afin de cr\u00e9er un nouvel espace de co-working \u00e0 Nantes, et plus pr\u00e9cis\u00e9ment \u00e0 Vertou. Qu\u2019est-ce que le co-working\u00a0? Apparu dans les ann\u00e9es 80 \u00e0 Berlin, le co-working s\u2019est rapidement export\u00e9 aux Etats-Unis et en Europe. [&hellip;] <a href=\"https:\/\/www.ecolive.com\/fr\/notreactu\/eco-work-espace-de-co-working-a-nantes\/\" class=\"more\">Read More<\/a> <a href=\"https:\/\/www.ecolive.com\/fr\/notreactu\/eco-work-espace-de-co-working-a-nantes\/\" class=\"more\">Read More<\/a><\/p>\n","protected":false},"author":2,"featured_media":8358,"comment_status":"closed","ping_status":"closed","sticky":false,"template":"","format":"standard","meta":{"content-type":""},"categories":[32],"tags":[],"acf":[],"yoast_head":"<!-- This site is optimized with the Yoast SEO plugin v20.13 - https:\/\/yoast.com\/wordpress\/plugins\/seo\/ -->\n<title>Ecolive lance son espace de co-working \u00e0 Nantes !<\/title>\n<meta name=\"description\" content=\"Fin 2019, la soci\u00e9t\u00e9 Ecolive a d\u00e9cid\u00e9 d\u2019investir et de cr\u00e9er un nouvel espace de co-working \u00e0 Nantes, et plus pr\u00e9cis\u00e9ment \u00e0 Vertou.\" \/>\n<meta name=\"robots\" content=\"index, follow, max-snippet:-1, max-image-preview:large, max-video-preview:-1\" \/>\n<link rel=\"canonical\" href=\"https:\/\/www.ecolive.com\/fr\/notreactu\/eco-work-espace-de-co-working-a-nantes\/\" \/>\n<meta property=\"og:locale\" content=\"fr_FR\" \/>\n<meta property=\"og:type\" content=\"article\" \/>\n<meta property=\"og:title\" content=\"Ecolive lance son espace de co-working \u00e0 Nantes !\" \/>\n<meta property=\"og:description\" content=\"Fin 2019, la soci\u00e9t\u00e9 Ecolive a d\u00e9cid\u00e9 d\u2019investir et de cr\u00e9er un nouvel espace de co-working \u00e0 Nantes, et plus pr\u00e9cis\u00e9ment \u00e0 Vertou.\" \/>\n<meta property=\"og:url\" content=\"https:\/\/www.ecolive.com\/fr\/notreactu\/eco-work-espace-de-co-working-a-nantes\/\" \/>\n<meta property=\"og:site_name\" content=\"Ecolive\" \/>\n<meta property=\"article:publisher\" content=\"https:\/\/www.facebook.com\/pages\/Ecolive\/202304496496615\" \/>\n<meta property=\"article:published_time\" content=\"2020-03-24T08:00:10+00:00\" \/>\n<meta property=\"article:modified_time\" content=\"2020-02-28T08:30:10+00:00\" \/>\n<meta property=\"og:image\" content=\"https:\/\/www.ecolive.com\/assets\/2020\/02\/ecolive-header.png\" \/>\n\t<meta property=\"og:image:width\" content=\"1250\" \/>\n\t<meta property=\"og:image:height\" content=\"465\" \/>\n\t<meta property=\"og:image:type\" content=\"image\/png\" \/>\n<meta name=\"author\" content=\"Ecolive\" \/>\n<meta name=\"twitter:card\" content=\"summary_large_image\" \/>\n<meta name=\"twitter:creator\" content=\"@ecolive_france\" \/>\n<meta name=\"twitter:site\" content=\"@ecolive_france\" \/>\n<meta name=\"twitter:label1\" content=\"\u00c9crit par\" \/>\n\t<meta name=\"twitter:data1\" content=\"Ecolive\" \/>\n\t<meta name=\"twitter:label2\" content=\"Dur\u00e9e de lecture estim\u00e9e\" \/>\n\t<meta name=\"twitter:data2\" content=\"2 minutes\" \/>\n<script type=\"application\/ld+json\" class=\"yoast-schema-graph\">{\"@context\":\"https:\/\/schema.org\",\"@graph\":[{\"@type\":\"WebPage\",\"@id\":\"https:\/\/www.ecolive.com\/fr\/notreactu\/eco-work-espace-de-co-working-a-nantes\/\",\"url\":\"https:\/\/www.ecolive.com\/fr\/notreactu\/eco-work-espace-de-co-working-a-nantes\/\",\"name\":\"Ecolive lance son espace de co-working \u00e0 Nantes !\",\"isPartOf\":{\"@id\":\"https:\/\/www.ecolive.com\/fr\/#website\"},\"datePublished\":\"2020-03-24T08:00:10+00:00\",\"dateModified\":\"2020-02-28T08:30:10+00:00\",\"author\":{\"@id\":\"https:\/\/www.ecolive.com\/fr\/#\/schema\/person\/6c21de678cf17f7810141bbba25f2555\"},\"description\":\"Fin 2019, la soci\u00e9t\u00e9 Ecolive a d\u00e9cid\u00e9 d\u2019investir et de cr\u00e9er un nouvel espace de co-working \u00e0 Nantes, et plus pr\u00e9cis\u00e9ment \u00e0 Vertou.\",\"breadcrumb\":{\"@id\":\"https:\/\/www.ecolive.com\/fr\/notreactu\/eco-work-espace-de-co-working-a-nantes\/#breadcrumb\"},\"inLanguage\":\"fr-FR\",\"potentialAction\":[{\"@type\":\"ReadAction\",\"target\":[\"https:\/\/www.ecolive.com\/fr\/notreactu\/eco-work-espace-de-co-working-a-nantes\/\"]}]},{\"@type\":\"BreadcrumbList\",\"@id\":\"https:\/\/www.ecolive.com\/fr\/notreactu\/eco-work-espace-de-co-working-a-nantes\/#breadcrumb\",\"itemListElement\":[{\"@type\":\"ListItem\",\"position\":1,\"name\":\"Accueil\",\"item\":\"https:\/\/www.ecolive.com\/fr\/\"},{\"@type\":\"ListItem\",\"position\":2,\"name\":\"Ecolive \u00e9tend ses activit\u00e9s avec le lancement de son espace de co-working \u00e0 Nantes\"}]},{\"@type\":\"WebSite\",\"@id\":\"https:\/\/www.ecolive.com\/fr\/#website\",\"url\":\"https:\/\/www.ecolive.com\/fr\/\",\"name\":\"Ecolive\",\"description\":\"Chercheur de Go\u00fbt\",\"potentialAction\":[{\"@type\":\"SearchAction\",\"target\":{\"@type\":\"EntryPoint\",\"urlTemplate\":\"https:\/\/www.ecolive.com\/fr\/?s={search_term_string}\"},\"query-input\":\"required name=search_term_string\"}],\"inLanguage\":\"fr-FR\"},{\"@type\":\"Person\",\"@id\":\"https:\/\/www.ecolive.com\/fr\/#\/schema\/person\/6c21de678cf17f7810141bbba25f2555\",\"name\":\"Ecolive\",\"sameAs\":[\"https:\/\/www.ecolive.com\/\"],\"url\":\"https:\/\/www.ecolive.com\/fr\/author\/editor_ecolive\/\"}]}<\/script>\n<!-- \/ Yoast SEO plugin. -->","yoast_head_json":{"title":"Ecolive lance son espace de co-working \u00e0 Nantes !","description":"Fin 2019, la soci\u00e9t\u00e9 Ecolive a d\u00e9cid\u00e9 d\u2019investir et de cr\u00e9er un nouvel espace de co-working \u00e0 Nantes, et plus pr\u00e9cis\u00e9ment \u00e0 Vertou.","robots":{"index":"index","follow":"follow","max-snippet":"max-snippet:-1","max-image-preview":"max-image-preview:large","max-video-preview":"max-video-preview:-1"},"canonical":"https:\/\/www.ecolive.com\/fr\/notreactu\/eco-work-espace-de-co-working-a-nantes\/","og_locale":"fr_FR","og_type":"article","og_title":"Ecolive lance son espace de co-working \u00e0 Nantes !","og_description":"Fin 2019, la soci\u00e9t\u00e9 Ecolive a d\u00e9cid\u00e9 d\u2019investir et de cr\u00e9er un nouvel espace de co-working \u00e0 Nantes, et plus pr\u00e9cis\u00e9ment \u00e0 Vertou.","og_url":"https:\/\/www.ecolive.com\/fr\/notreactu\/eco-work-espace-de-co-working-a-nantes\/","og_site_name":"Ecolive","article_publisher":"https:\/\/www.facebook.com\/pages\/Ecolive\/202304496496615","article_published_time":"2020-03-24T08:00:10+00:00","article_modified_time":"2020-02-28T08:30:10+00:00","og_image":[{"width":1250,"height":465,"url":"https:\/\/www.ecolive.com\/assets\/2020\/02\/ecolive-header.png","type":"image\/png"}],"author":"Ecolive","twitter_card":"summary_large_image","twitter_creator":"@ecolive_france","twitter_site":"@ecolive_france","twitter_misc":{"\u00c9crit par":"Ecolive","Dur\u00e9e de lecture estim\u00e9e":"2 minutes"},"schema":{"@context":"https:\/\/schema.org","@graph":[{"@type":"WebPage","@id":"https:\/\/www.ecolive.com\/fr\/notreactu\/eco-work-espace-de-co-working-a-nantes\/","url":"https:\/\/www.ecolive.com\/fr\/notreactu\/eco-work-espace-de-co-working-a-nantes\/","name":"Ecolive lance son espace de co-working \u00e0 Nantes !","isPartOf":{"@id":"https:\/\/www.ecolive.com\/fr\/#website"},"datePublished":"2020-03-24T08:00:10+00:00","dateModified":"2020-02-28T08:30:10+00:00","author":{"@id":"https:\/\/www.ecolive.com\/fr\/#\/schema\/person\/6c21de678cf17f7810141bbba25f2555"},"description":"Fin 2019, la soci\u00e9t\u00e9 Ecolive a d\u00e9cid\u00e9 d\u2019investir et de cr\u00e9er un nouvel espace de co-working \u00e0 Nantes, et plus pr\u00e9cis\u00e9ment \u00e0 Vertou.","breadcrumb":{"@id":"https:\/\/www.ecolive.com\/fr\/notreactu\/eco-work-espace-de-co-working-a-nantes\/#breadcrumb"},"inLanguage":"fr-FR","potentialAction":[{"@type":"ReadAction","target":["https:\/\/www.ecolive.com\/fr\/notreactu\/eco-work-espace-de-co-working-a-nantes\/"]}]},{"@type":"BreadcrumbList","@id":"https:\/\/www.ecolive.com\/fr\/notreactu\/eco-work-espace-de-co-working-a-nantes\/#breadcrumb","itemListElement":[{"@type":"ListItem","position":1,"name":"Accueil","item":"https:\/\/www.ecolive.com\/fr\/"},{"@type":"ListItem","position":2,"name":"Ecolive \u00e9tend ses activit\u00e9s avec le lancement de son espace de co-working \u00e0 Nantes"}]},{"@type":"WebSite","@id":"https:\/\/www.ecolive.com\/fr\/#website","url":"https:\/\/www.ecolive.com\/fr\/","name":"Ecolive","description":"Chercheur de Go\u00fbt","potentialAction":[{"@type":"SearchAction","target":{"@type":"EntryPoint","urlTemplate":"https:\/\/www.ecolive.com\/fr\/?s={search_term_string}"},"query-input":"required name=search_term_string"}],"inLanguage":"fr-FR"},{"@type":"Person","@id":"https:\/\/www.ecolive.com\/fr\/#\/schema\/person\/6c21de678cf17f7810141bbba25f2555","name":"Ecolive","sameAs":["https:\/\/www.ecolive.com\/"],"url":"https:\/\/www.ecolive.com\/fr\/author\/editor_ecolive\/"}]}},"_links":{"self":[{"href":"https:\/\/www.ecolive.com\/fr\/wp-json\/wp\/v2\/posts\/8340"}],"collection":[{"href":"https:\/\/www.ecolive.com\/fr\/wp-json\/wp\/v2\/posts"}],"about":[{"href":"https:\/\/www.ecolive.com\/fr\/wp-json\/wp\/v2\/types\/post"}],"author":[{"embeddable":true,"href":"https:\/\/www.ecolive.com\/fr\/wp-json\/wp\/v2\/users\/2"}],"replies":[{"embeddable":true,"href":"https:\/\/www.ecolive.com\/fr\/wp-json\/wp\/v2\/comments?post=8340"}],"version-history":[{"count":5,"href":"https:\/\/www.ecolive.com\/fr\/wp-json\/wp\/v2\/posts\/8340\/revisions"}],"predecessor-version":[{"id":8369,"href":"https:\/\/www.ecolive.com\/fr\/wp-json\/wp\/v2\/posts\/8340\/revisions\/8369"}],"wp:featuredmedia":[{"embeddable":true,"href":"https:\/\/www.ecolive.com\/fr\/wp-json\/wp\/v2\/media\/8358"}],"wp:attachment":[{"href":"https:\/\/www.ecolive.com\/fr\/wp-json\/wp\/v2\/media?parent=8340"}],"wp:term":[{"taxonomy":"category","embeddable":true,"href":"https:\/\/www.ecolive.com\/fr\/wp-json\/wp\/v2\/categories?post=8340"},{"taxonomy":"post_tag","embeddable":true,"href":"https:\/\/www.ecolive.com\/fr\/wp-json\/wp\/v2\/tags?post=8340"}],"curies":[{"name":"wp","href":"https:\/\/api.w.org\/{rel}","templated":true}]}}