{"id":8299,"date":"2020-02-25T17:14:50","date_gmt":"2020-02-25T16:14:50","guid":{"rendered":"https:\/\/www.ecolive.com\/?p=8299"},"modified":"2020-02-26T17:26:27","modified_gmt":"2020-02-26T16:26:27","slug":"biofach-salon-mondial-agriculture-bio","status":"publish","type":"post","link":"https:\/\/www.ecolive.com\/fr\/notreactu\/biofach-salon-mondial-agriculture-bio\/","title":{"rendered":"Ecolive \u00e9tait \u00e0 la Biofach, le plus grand salon mondial de l\u2019alimentation biologique"},"content":{"rendered":"<p>L\u2019\u00e9quipe Ecolive s\u2019est rendue \u00e0 la Biofach du 12 au 15 f\u00e9vrier 2020, afin de rencontrer ses partenaires, de d\u00e9couvrir des nouvelles marques, et de capter les nouvelles tendances sur les march\u00e9s fran\u00e7ais et allemand.<\/p>\n<h2><strong>Biofach 2020, salon mondial de l\u2019alimentation biologique !<\/strong><\/h2>\n<img decoding=\"async\" loading=\"lazy\" class=\"size-medium wp-image-8305 alignleft\" data-src=\"\/assets\/2020\/02\/ea31833d-e1c5-43d5-bdef-31f0e82f86a7-225x300.jpeg\" data-lazy-img data-fade-in  alt=\"biofach-ecolive\" width=\"225\" height=\"300\" data-srcset=\"https:\/\/www.ecolive.com\/assets\/2020\/02\/ea31833d-e1c5-43d5-bdef-31f0e82f86a7-225x300.jpeg 225w, https:\/\/www.ecolive.com\/assets\/2020\/02\/ea31833d-e1c5-43d5-bdef-31f0e82f86a7-768x1024.jpeg 768w, https:\/\/www.ecolive.com\/assets\/2020\/02\/ea31833d-e1c5-43d5-bdef-31f0e82f86a7-113x150.jpeg 113w, https:\/\/www.ecolive.com\/assets\/2020\/02\/ea31833d-e1c5-43d5-bdef-31f0e82f86a7-1152x1536.jpeg 1152w, https:\/\/www.ecolive.com\/assets\/2020\/02\/ea31833d-e1c5-43d5-bdef-31f0e82f86a7-204x272.jpeg 204w, https:\/\/www.ecolive.com\/assets\/2020\/02\/ea31833d-e1c5-43d5-bdef-31f0e82f86a7-169x225.jpeg 169w, https:\/\/www.ecolive.com\/assets\/2020\/02\/ea31833d-e1c5-43d5-bdef-31f0e82f86a7-96x128.jpeg 96w, https:\/\/www.ecolive.com\/assets\/2020\/02\/ea31833d-e1c5-43d5-bdef-31f0e82f86a7-240x320.jpeg 240w, https:\/\/www.ecolive.com\/assets\/2020\/02\/ea31833d-e1c5-43d5-bdef-31f0e82f86a7-200x267.jpeg 200w, https:\/\/www.ecolive.com\/assets\/2020\/02\/ea31833d-e1c5-43d5-bdef-31f0e82f86a7-1024x1365.jpeg 1024w, https:\/\/www.ecolive.com\/assets\/2020\/02\/ea31833d-e1c5-43d5-bdef-31f0e82f86a7-590x787.jpeg 590w, https:\/\/www.ecolive.com\/assets\/2020\/02\/ea31833d-e1c5-43d5-bdef-31f0e82f86a7-700x933.jpeg 700w, https:\/\/www.ecolive.com\/assets\/2020\/02\/ea31833d-e1c5-43d5-bdef-31f0e82f86a7-640x853.jpeg 640w, https:\/\/www.ecolive.com\/assets\/2020\/02\/ea31833d-e1c5-43d5-bdef-31f0e82f86a7.jpeg 1200w\" data-sizes=\"(max-width: 225px) 100vw, 225px\" \/>\n<p>Une fois par an, des repr\u00e9sentants de la toute la fili\u00e8re bio internationale se retrouvent \u00e0 la Biofach. C\u2019est l\u2019occasion pour eux de dialoguer avec des acteurs de la branche, de d\u00e9couvrir les tendances et les nouveaut\u00e9s.<\/p>\n<p>En 2019, Biofach accueillait 51\u00a0488 visiteurs professionnels provenant de plus de 140 pays\u00a0! Cette ann\u00e9e, elle a re\u00e7u plus de 3 500 exposants et a ouvert 2 halls suppl\u00e9mentaires pour accueillir les nouveaux entrants : les halls 7A et 3A.<\/p>\n<p>Un Hall \u00e9tait \u00e9galement enti\u00e8rement d\u00e9di\u00e9 aux produits cosm\u00e9tiques naturels : VIVANESS. L\u2019occasion de d\u00e9couvrir des marques internationales distribuant et\/ou fabriquant des cosm\u00e9tiques naturels et biologiques et de mettre en avant des solutions innovantes dans la formulation des compositions et le choix des emballages. En effet, pour un grand nombre de consomm&rsquo;acteurs, la durabilit\u00e9 et la tendance z\u00e9ro-d\u00e9chet sont de plus en plus importantes<strong>.<\/strong><\/p>\n<h2><strong>La team Ecolive \u00e0 Biofach 2020 !<\/strong><\/h2>\n<p>Durant 4 jours, la Team Ecolive a eu le plaisir de voir ses clients, ses partenaires. De d\u00e9couvrir de nouvelles marques et de saisir les nouvelles tendances du march\u00e9.<\/p>\n<p>Nous avons notamment retrouv\u00e9 nos marques\u00a0partenaires du march\u00e9 fran\u00e7ais : Sonett, Pukka, We Love The Planet, Farm Brothers, Pakka, Equiori, Govinda, Bio Verde, Taifun et Marino\u00eb.<\/p>\n<p>Ainsi que nos marques \u00e0 l&rsquo;export en Allemagne : C\u00e9liane, Phare d\u2019Eckm\u00fchl, Qwetch, Organica, Pakka, Monari Federzoni, Favrichon et Perlamande!<\/p>\n<p>Merci \u00e0 toutes les personnes que nous avons rencontr\u00e9es et avec lesquelles nous avons \u00e9chang\u00e9 durant ce salon. Nous avons fortement appr\u00e9ci\u00e9 l\u2019ensemble de nos \u00e9changes.<\/p>\n<img decoding=\"async\" loading=\"lazy\" class=\"alignnone wp-image-8321 size-medium\" data-src=\"\/assets\/2020\/02\/6308be19-8f1b-4c99-b3c4-e5a05ec31f19-300x225.jpeg\" data-lazy-img data-fade-in  alt=\"pukka-biofach\" width=\"300\" height=\"225\" data-srcset=\"https:\/\/www.ecolive.com\/assets\/2020\/02\/6308be19-8f1b-4c99-b3c4-e5a05ec31f19-300x225.jpeg 300w, https:\/\/www.ecolive.com\/assets\/2020\/02\/6308be19-8f1b-4c99-b3c4-e5a05ec31f19-1024x768.jpeg 1024w, https:\/\/www.ecolive.com\/assets\/2020\/02\/6308be19-8f1b-4c99-b3c4-e5a05ec31f19-150x113.jpeg 150w, https:\/\/www.ecolive.com\/assets\/2020\/02\/6308be19-8f1b-4c99-b3c4-e5a05ec31f19-768x576.jpeg 768w, https:\/\/www.ecolive.com\/assets\/2020\/02\/6308be19-8f1b-4c99-b3c4-e5a05ec31f19-1536x1152.jpeg 1536w, https:\/\/www.ecolive.com\/assets\/2020\/02\/6308be19-8f1b-4c99-b3c4-e5a05ec31f19-363x272.jpeg 363w, https:\/\/www.ecolive.com\/assets\/2020\/02\/6308be19-8f1b-4c99-b3c4-e5a05ec31f19-296x222.jpeg 296w, https:\/\/www.ecolive.com\/assets\/2020\/02\/6308be19-8f1b-4c99-b3c4-e5a05ec31f19-96x72.jpeg 96w, https:\/\/www.ecolive.com\/assets\/2020\/02\/6308be19-8f1b-4c99-b3c4-e5a05ec31f19-427x320.jpeg 427w, https:\/\/www.ecolive.com\/assets\/2020\/02\/6308be19-8f1b-4c99-b3c4-e5a05ec31f19-200x150.jpeg 200w, https:\/\/www.ecolive.com\/assets\/2020\/02\/6308be19-8f1b-4c99-b3c4-e5a05ec31f19-590x443.jpeg 590w, https:\/\/www.ecolive.com\/assets\/2020\/02\/6308be19-8f1b-4c99-b3c4-e5a05ec31f19-700x525.jpeg 700w, https:\/\/www.ecolive.com\/assets\/2020\/02\/6308be19-8f1b-4c99-b3c4-e5a05ec31f19-640x480.jpeg 640w, https:\/\/www.ecolive.com\/assets\/2020\/02\/6308be19-8f1b-4c99-b3c4-e5a05ec31f19.jpeg 1600w\" data-sizes=\"(max-width: 300px) 100vw, 300px\" \/> <img decoding=\"async\" loading=\"lazy\" class=\"alignnone wp-image-8322 size-medium\" data-src=\"\/assets\/2020\/02\/dd638eef-7b53-471d-a55f-c01814d03ec3-300x225.jpeg\" data-lazy-img data-fade-in  alt=\"bioverde-biofach\" width=\"300\" height=\"225\" data-srcset=\"https:\/\/www.ecolive.com\/assets\/2020\/02\/dd638eef-7b53-471d-a55f-c01814d03ec3-300x225.jpeg 300w, https:\/\/www.ecolive.com\/assets\/2020\/02\/dd638eef-7b53-471d-a55f-c01814d03ec3-1024x768.jpeg 1024w, https:\/\/www.ecolive.com\/assets\/2020\/02\/dd638eef-7b53-471d-a55f-c01814d03ec3-150x113.jpeg 150w, https:\/\/www.ecolive.com\/assets\/2020\/02\/dd638eef-7b53-471d-a55f-c01814d03ec3-768x576.jpeg 768w, https:\/\/www.ecolive.com\/assets\/2020\/02\/dd638eef-7b53-471d-a55f-c01814d03ec3-1536x1152.jpeg 1536w, https:\/\/www.ecolive.com\/assets\/2020\/02\/dd638eef-7b53-471d-a55f-c01814d03ec3-363x272.jpeg 363w, https:\/\/www.ecolive.com\/assets\/2020\/02\/dd638eef-7b53-471d-a55f-c01814d03ec3-296x222.jpeg 296w, https:\/\/www.ecolive.com\/assets\/2020\/02\/dd638eef-7b53-471d-a55f-c01814d03ec3-96x72.jpeg 96w, https:\/\/www.ecolive.com\/assets\/2020\/02\/dd638eef-7b53-471d-a55f-c01814d03ec3-427x320.jpeg 427w, https:\/\/www.ecolive.com\/assets\/2020\/02\/dd638eef-7b53-471d-a55f-c01814d03ec3-200x150.jpeg 200w, https:\/\/www.ecolive.com\/assets\/2020\/02\/dd638eef-7b53-471d-a55f-c01814d03ec3-590x443.jpeg 590w, https:\/\/www.ecolive.com\/assets\/2020\/02\/dd638eef-7b53-471d-a55f-c01814d03ec3-700x525.jpeg 700w, https:\/\/www.ecolive.com\/assets\/2020\/02\/dd638eef-7b53-471d-a55f-c01814d03ec3-640x480.jpeg 640w, https:\/\/www.ecolive.com\/assets\/2020\/02\/dd638eef-7b53-471d-a55f-c01814d03ec3.jpeg 1600w\" data-sizes=\"(max-width: 300px) 100vw, 300px\" \/>\n<p>&nbsp;<\/p>\n<p>A tr\u00e8s vite sur de nouveaux salons\u00a0!<\/p>\n<p>&nbsp;<\/p>\n<p>Corn\u00e9lia<\/p>\n","protected":false},"excerpt":{"rendered":"<p>L\u2019\u00e9quipe Ecolive s\u2019est rendue \u00e0 la Biofach du 12 au 15 f\u00e9vrier 2020, afin de rencontrer ses partenaires, de d\u00e9couvrir des nouvelles marques, et de capter les nouvelles tendances sur les march\u00e9s fran\u00e7ais et allemand. Biofach 2020, salon mondial de l\u2019alimentation biologique ! Une fois par an, des repr\u00e9sentants de [&hellip;] <a href=\"https:\/\/www.ecolive.com\/fr\/notreactu\/biofach-salon-mondial-agriculture-bio\/\" class=\"more\">Read More<\/a> <a href=\"https:\/\/www.ecolive.com\/fr\/notreactu\/biofach-salon-mondial-agriculture-bio\/\" class=\"more\">Read More<\/a><\/p>\n","protected":false},"author":2,"featured_media":8334,"comment_status":"closed","ping_status":"closed","sticky":false,"template":"","format":"standard","meta":{"content-type":""},"categories":[32],"tags":[],"acf":[],"yoast_head":"<!-- This site is optimized with the Yoast SEO plugin v20.13 - https:\/\/yoast.com\/wordpress\/plugins\/seo\/ -->\n<title>Ecolive \u00e9tait \u00e0 la Biofach, salon mondial de l\u2019alimentation biologique !<\/title>\n<meta name=\"description\" content=\"L\u2019\u00e9quipe Ecolive s\u2019est rendue \u00e0 la Biofach du 12 au 15 f\u00e9vrier 2020, afin de rencontrer ses partenaires et d\u00e9couvrir des nouvelles marques !\" \/>\n<meta name=\"robots\" content=\"index, follow, max-snippet:-1, max-image-preview:large, max-video-preview:-1\" \/>\n<link rel=\"canonical\" href=\"https:\/\/www.ecolive.com\/fr\/notreactu\/biofach-salon-mondial-agriculture-bio\/\" \/>\n<meta property=\"og:locale\" content=\"fr_FR\" \/>\n<meta property=\"og:type\" content=\"article\" \/>\n<meta property=\"og:title\" content=\"Ecolive \u00e9tait \u00e0 la Biofach, salon mondial de l\u2019alimentation biologique !\" \/>\n<meta property=\"og:description\" content=\"L\u2019\u00e9quipe Ecolive s\u2019est rendue \u00e0 la Biofach du 12 au 15 f\u00e9vrier 2020, afin de rencontrer ses partenaires et d\u00e9couvrir des nouvelles marques !\" \/>\n<meta property=\"og:url\" content=\"https:\/\/www.ecolive.com\/fr\/notreactu\/biofach-salon-mondial-agriculture-bio\/\" \/>\n<meta property=\"og:site_name\" content=\"Ecolive\" \/>\n<meta property=\"article:publisher\" content=\"https:\/\/www.facebook.com\/pages\/Ecolive\/202304496496615\" \/>\n<meta property=\"article:published_time\" content=\"2020-02-25T16:14:50+00:00\" \/>\n<meta property=\"article:modified_time\" content=\"2020-02-26T16:26:27+00:00\" \/>\n<meta property=\"og:image\" content=\"https:\/\/www.ecolive.com\/assets\/2020\/02\/biofach-header.png\" \/>\n\t<meta property=\"og:image:width\" content=\"1500\" \/>\n\t<meta property=\"og:image:height\" content=\"751\" \/>\n\t<meta property=\"og:image:type\" content=\"image\/png\" \/>\n<meta name=\"author\" content=\"Ecolive\" \/>\n<meta name=\"twitter:card\" content=\"summary_large_image\" \/>\n<meta name=\"twitter:creator\" content=\"@ecolive_france\" \/>\n<meta name=\"twitter:site\" content=\"@ecolive_france\" \/>\n<meta name=\"twitter:label1\" content=\"\u00c9crit par\" \/>\n\t<meta name=\"twitter:data1\" content=\"Ecolive\" \/>\n\t<meta name=\"twitter:label2\" content=\"Dur\u00e9e de lecture estim\u00e9e\" \/>\n\t<meta name=\"twitter:data2\" content=\"2 minutes\" \/>\n<script type=\"application\/ld+json\" class=\"yoast-schema-graph\">{\"@context\":\"https:\/\/schema.org\",\"@graph\":[{\"@type\":\"WebPage\",\"@id\":\"https:\/\/www.ecolive.com\/fr\/notreactu\/biofach-salon-mondial-agriculture-bio\/\",\"url\":\"https:\/\/www.ecolive.com\/fr\/notreactu\/biofach-salon-mondial-agriculture-bio\/\",\"name\":\"Ecolive \u00e9tait \u00e0 la Biofach, salon mondial de l\u2019alimentation biologique !\",\"isPartOf\":{\"@id\":\"https:\/\/www.ecolive.com\/fr\/#website\"},\"datePublished\":\"2020-02-25T16:14:50+00:00\",\"dateModified\":\"2020-02-26T16:26:27+00:00\",\"author\":{\"@id\":\"https:\/\/www.ecolive.com\/fr\/#\/schema\/person\/6c21de678cf17f7810141bbba25f2555\"},\"description\":\"L\u2019\u00e9quipe Ecolive s\u2019est rendue \u00e0 la Biofach du 12 au 15 f\u00e9vrier 2020, afin de rencontrer ses partenaires et d\u00e9couvrir des nouvelles marques !\",\"breadcrumb\":{\"@id\":\"https:\/\/www.ecolive.com\/fr\/notreactu\/biofach-salon-mondial-agriculture-bio\/#breadcrumb\"},\"inLanguage\":\"fr-FR\",\"potentialAction\":[{\"@type\":\"ReadAction\",\"target\":[\"https:\/\/www.ecolive.com\/fr\/notreactu\/biofach-salon-mondial-agriculture-bio\/\"]}]},{\"@type\":\"BreadcrumbList\",\"@id\":\"https:\/\/www.ecolive.com\/fr\/notreactu\/biofach-salon-mondial-agriculture-bio\/#breadcrumb\",\"itemListElement\":[{\"@type\":\"ListItem\",\"position\":1,\"name\":\"Accueil\",\"item\":\"https:\/\/www.ecolive.com\/fr\/\"},{\"@type\":\"ListItem\",\"position\":2,\"name\":\"Ecolive \u00e9tait \u00e0 la Biofach, le plus grand salon mondial de l\u2019alimentation biologique\"}]},{\"@type\":\"WebSite\",\"@id\":\"https:\/\/www.ecolive.com\/fr\/#website\",\"url\":\"https:\/\/www.ecolive.com\/fr\/\",\"name\":\"Ecolive\",\"description\":\"Chercheur de Go\u00fbt\",\"potentialAction\":[{\"@type\":\"SearchAction\",\"target\":{\"@type\":\"EntryPoint\",\"urlTemplate\":\"https:\/\/www.ecolive.com\/fr\/?s={search_term_string}\"},\"query-input\":\"required name=search_term_string\"}],\"inLanguage\":\"fr-FR\"},{\"@type\":\"Person\",\"@id\":\"https:\/\/www.ecolive.com\/fr\/#\/schema\/person\/6c21de678cf17f7810141bbba25f2555\",\"name\":\"Ecolive\",\"sameAs\":[\"https:\/\/www.ecolive.com\/\"],\"url\":\"https:\/\/www.ecolive.com\/fr\/author\/editor_ecolive\/\"}]}<\/script>\n<!-- \/ Yoast SEO plugin. -->","yoast_head_json":{"title":"Ecolive \u00e9tait \u00e0 la Biofach, salon mondial de l\u2019alimentation biologique !","description":"L\u2019\u00e9quipe Ecolive s\u2019est rendue \u00e0 la Biofach du 12 au 15 f\u00e9vrier 2020, afin de rencontrer ses partenaires et d\u00e9couvrir des nouvelles marques !","robots":{"index":"index","follow":"follow","max-snippet":"max-snippet:-1","max-image-preview":"max-image-preview:large","max-video-preview":"max-video-preview:-1"},"canonical":"https:\/\/www.ecolive.com\/fr\/notreactu\/biofach-salon-mondial-agriculture-bio\/","og_locale":"fr_FR","og_type":"article","og_title":"Ecolive \u00e9tait \u00e0 la Biofach, salon mondial de l\u2019alimentation biologique !","og_description":"L\u2019\u00e9quipe Ecolive s\u2019est rendue \u00e0 la Biofach du 12 au 15 f\u00e9vrier 2020, afin de rencontrer ses partenaires et d\u00e9couvrir des nouvelles marques !","og_url":"https:\/\/www.ecolive.com\/fr\/notreactu\/biofach-salon-mondial-agriculture-bio\/","og_site_name":"Ecolive","article_publisher":"https:\/\/www.facebook.com\/pages\/Ecolive\/202304496496615","article_published_time":"2020-02-25T16:14:50+00:00","article_modified_time":"2020-02-26T16:26:27+00:00","og_image":[{"width":1500,"height":751,"url":"https:\/\/www.ecolive.com\/assets\/2020\/02\/biofach-header.png","type":"image\/png"}],"author":"Ecolive","twitter_card":"summary_large_image","twitter_creator":"@ecolive_france","twitter_site":"@ecolive_france","twitter_misc":{"\u00c9crit par":"Ecolive","Dur\u00e9e de lecture estim\u00e9e":"2 minutes"},"schema":{"@context":"https:\/\/schema.org","@graph":[{"@type":"WebPage","@id":"https:\/\/www.ecolive.com\/fr\/notreactu\/biofach-salon-mondial-agriculture-bio\/","url":"https:\/\/www.ecolive.com\/fr\/notreactu\/biofach-salon-mondial-agriculture-bio\/","name":"Ecolive \u00e9tait \u00e0 la Biofach, salon mondial de l\u2019alimentation biologique !","isPartOf":{"@id":"https:\/\/www.ecolive.com\/fr\/#website"},"datePublished":"2020-02-25T16:14:50+00:00","dateModified":"2020-02-26T16:26:27+00:00","author":{"@id":"https:\/\/www.ecolive.com\/fr\/#\/schema\/person\/6c21de678cf17f7810141bbba25f2555"},"description":"L\u2019\u00e9quipe Ecolive s\u2019est rendue \u00e0 la Biofach du 12 au 15 f\u00e9vrier 2020, afin de rencontrer ses partenaires et d\u00e9couvrir des nouvelles marques !","breadcrumb":{"@id":"https:\/\/www.ecolive.com\/fr\/notreactu\/biofach-salon-mondial-agriculture-bio\/#breadcrumb"},"inLanguage":"fr-FR","potentialAction":[{"@type":"ReadAction","target":["https:\/\/www.ecolive.com\/fr\/notreactu\/biofach-salon-mondial-agriculture-bio\/"]}]},{"@type":"BreadcrumbList","@id":"https:\/\/www.ecolive.com\/fr\/notreactu\/biofach-salon-mondial-agriculture-bio\/#breadcrumb","itemListElement":[{"@type":"ListItem","position":1,"name":"Accueil","item":"https:\/\/www.ecolive.com\/fr\/"},{"@type":"ListItem","position":2,"name":"Ecolive \u00e9tait \u00e0 la Biofach, le plus grand salon mondial de l\u2019alimentation biologique"}]},{"@type":"WebSite","@id":"https:\/\/www.ecolive.com\/fr\/#website","url":"https:\/\/www.ecolive.com\/fr\/","name":"Ecolive","description":"Chercheur de Go\u00fbt","potentialAction":[{"@type":"SearchAction","target":{"@type":"EntryPoint","urlTemplate":"https:\/\/www.ecolive.com\/fr\/?s={search_term_string}"},"query-input":"required name=search_term_string"}],"inLanguage":"fr-FR"},{"@type":"Person","@id":"https:\/\/www.ecolive.com\/fr\/#\/schema\/person\/6c21de678cf17f7810141bbba25f2555","name":"Ecolive","sameAs":["https:\/\/www.ecolive.com\/"],"url":"https:\/\/www.ecolive.com\/fr\/author\/editor_ecolive\/"}]}},"_links":{"self":[{"href":"https:\/\/www.ecolive.com\/fr\/wp-json\/wp\/v2\/posts\/8299"}],"collection":[{"href":"https:\/\/www.ecolive.com\/fr\/wp-json\/wp\/v2\/posts"}],"about":[{"href":"https:\/\/www.ecolive.com\/fr\/wp-json\/wp\/v2\/types\/post"}],"author":[{"embeddable":true,"href":"https:\/\/www.ecolive.com\/fr\/wp-json\/wp\/v2\/users\/2"}],"replies":[{"embeddable":true,"href":"https:\/\/www.ecolive.com\/fr\/wp-json\/wp\/v2\/comments?post=8299"}],"version-history":[{"count":5,"href":"https:\/\/www.ecolive.com\/fr\/wp-json\/wp\/v2\/posts\/8299\/revisions"}],"predecessor-version":[{"id":8337,"href":"https:\/\/www.ecolive.com\/fr\/wp-json\/wp\/v2\/posts\/8299\/revisions\/8337"}],"wp:featuredmedia":[{"embeddable":true,"href":"https:\/\/www.ecolive.com\/fr\/wp-json\/wp\/v2\/media\/8334"}],"wp:attachment":[{"href":"https:\/\/www.ecolive.com\/fr\/wp-json\/wp\/v2\/media?parent=8299"}],"wp:term":[{"taxonomy":"category","embeddable":true,"href":"https:\/\/www.ecolive.com\/fr\/wp-json\/wp\/v2\/categories?post=8299"},{"taxonomy":"post_tag","embeddable":true,"href":"https:\/\/www.ecolive.com\/fr\/wp-json\/wp\/v2\/tags?post=8299"}],"curies":[{"name":"wp","href":"https:\/\/api.w.org\/{rel}","templated":true}]}}