{"id":8243,"date":"2020-01-31T15:07:32","date_gmt":"2020-01-31T14:07:32","guid":{"rendered":"https:\/\/www.ecolive.com\/?p=8243"},"modified":"2020-01-31T15:07:32","modified_gmt":"2020-01-31T14:07:32","slug":"ecolive-days-seminaire-entreprise-janvier-2020","status":"publish","type":"post","link":"https:\/\/www.ecolive.com\/fr\/notreactu\/ecolive-days-seminaire-entreprise-janvier-2020\/","title":{"rendered":"Ecolive days : notre s\u00e9minaire d\u2019entreprise &#8211; Janvier 2020"},"content":{"rendered":"<p>En ce d\u00e9but d\u2019ann\u00e9e, l\u2019ensemble de <strong>l\u2019\u00e9quipe ECOLIVE s\u2019est r\u00e9unie dans les bureaux de Vertou<\/strong>! Chaque ann\u00e9e, nous faisons en moyenne 2 semaines de s\u00e9minaire, afin de tous se retrouver et d\u2019\u00e9changer sur des points importants \u00e0 notre d\u00e9veloppement!<\/p>\n<p>Le programme du s\u00e9minaire\u00a0:<strong>\u00a0<\/strong><\/p>\n<h2><strong>JOURNEE 1 \u2013 Arriv\u00e9e des commerciaux et visite des Coteaux Nantais :<\/strong><\/h2>\n<img decoding=\"async\" loading=\"lazy\" class=\"size-medium wp-image-8244 alignright\" data-src=\"\/assets\/2020\/01\/IMG_0026-225x300.jpeg\" data-lazy-img data-fade-in  alt=\"ecolive-days-coteaux-nantais\" width=\"225\" height=\"300\" data-srcset=\"https:\/\/www.ecolive.com\/assets\/2020\/01\/IMG_0026-225x300.jpeg 225w, https:\/\/www.ecolive.com\/assets\/2020\/01\/IMG_0026-768x1024.jpeg 768w, https:\/\/www.ecolive.com\/assets\/2020\/01\/IMG_0026-113x150.jpeg 113w, https:\/\/www.ecolive.com\/assets\/2020\/01\/IMG_0026-1152x1536.jpeg 1152w, https:\/\/www.ecolive.com\/assets\/2020\/01\/IMG_0026-1536x2048.jpeg 1536w, https:\/\/www.ecolive.com\/assets\/2020\/01\/IMG_0026-204x272.jpeg 204w, https:\/\/www.ecolive.com\/assets\/2020\/01\/IMG_0026-169x225.jpeg 169w, https:\/\/www.ecolive.com\/assets\/2020\/01\/IMG_0026-96x128.jpeg 96w, https:\/\/www.ecolive.com\/assets\/2020\/01\/IMG_0026-240x320.jpeg 240w, https:\/\/www.ecolive.com\/assets\/2020\/01\/IMG_0026-200x267.jpeg 200w, https:\/\/www.ecolive.com\/assets\/2020\/01\/IMG_0026-scaled.jpeg 1920w, https:\/\/www.ecolive.com\/assets\/2020\/01\/IMG_0026-1024x1365.jpeg 1024w, https:\/\/www.ecolive.com\/assets\/2020\/01\/IMG_0026-590x787.jpeg 590w, https:\/\/www.ecolive.com\/assets\/2020\/01\/IMG_0026-700x933.jpeg 700w, https:\/\/www.ecolive.com\/assets\/2020\/01\/IMG_0026-640x853.jpeg 640w\" data-sizes=\"(max-width: 225px) 100vw, 225px\" \/>\n<p>Les commerciaux sont venus des quatre coins de la France et de l\u2019Allemagne pour nous rejoindre \u00e0 Vertou. Pour les plus matinaux, une petite d\u00e9gustation de la galette des rois, en ce 6 janvier \u00e9tait obligatoire ! Pour Thorsten et Yvonne, arriv\u00e9s il y a quelques mois, une petite visite des locaux s\u2019impose !<\/p>\n<p>Du c\u00f4t\u00e9 des Allemands, l\u2019apr\u00e8s-midi du 6 janvier est consacr\u00e9e \u00e0 <strong>la visite de notre producteur \u00ab\u00a0<a href=\"https:\/\/www.ecolive.com\/fr\/producteur\/les-coteaux-nantais\/\">Les Coteaux Nantais<\/a>\u00a0\u00bb\u00a0\u00e0 Remouill\u00e9.<\/strong> Cette visite a permis aux commerciaux Allemands, d\u2019acqu\u00e9rir de nouveaux argumentaires de vente. L\u2019occasion \u00e9galement d\u2019\u00e9changer sur le contrat en cours.<\/p>\n<h2><strong>JOURNEE 2 \u2013 Bilan 2019\/ Objectif 2020 pour l\u2018\u00e9quipe France et visite de Phare d\u2019Eckm\u00fchl pour les Allemands<\/strong><\/h2>\n<p>En cette seconde journ\u00e9e l\u2019\u00e9quipe se s\u00e9pare en deux\u00a0: les Fran\u00e7ais font<strong> un bilan de l\u2019ann\u00e9e 2019 et fixent la strat\u00e9gie pour 2020.<\/strong> De leur c\u00f4t\u00e9, les Allemands profitent de ce voyage pour se rendre en Bretagne et <strong>visiter l\u2019usine de Phare d\u2019Eckm\u00fchl.<\/strong><\/p>\n<img decoding=\"async\" loading=\"lazy\" class=\"aligncenter wp-image-8246\" data-src=\"\/assets\/2020\/01\/phare-deckmuhl-visite2020-1-768x1024.jpg\" data-lazy-img data-fade-in  alt=\"phare-d-eckmuhl-visite-ecolive\" width=\"375\" height=\"500\" data-srcset=\"https:\/\/www.ecolive.com\/assets\/2020\/01\/phare-deckmuhl-visite2020-1-768x1024.jpg 768w, https:\/\/www.ecolive.com\/assets\/2020\/01\/phare-deckmuhl-visite2020-1-225x300.jpg 225w, https:\/\/www.ecolive.com\/assets\/2020\/01\/phare-deckmuhl-visite2020-1-113x150.jpg 113w, https:\/\/www.ecolive.com\/assets\/2020\/01\/phare-deckmuhl-visite2020-1-1152x1536.jpg 1152w, https:\/\/www.ecolive.com\/assets\/2020\/01\/phare-deckmuhl-visite2020-1-204x272.jpg 204w, https:\/\/www.ecolive.com\/assets\/2020\/01\/phare-deckmuhl-visite2020-1-169x225.jpg 169w, https:\/\/www.ecolive.com\/assets\/2020\/01\/phare-deckmuhl-visite2020-1-96x128.jpg 96w, https:\/\/www.ecolive.com\/assets\/2020\/01\/phare-deckmuhl-visite2020-1-240x320.jpg 240w, https:\/\/www.ecolive.com\/assets\/2020\/01\/phare-deckmuhl-visite2020-1-200x267.jpg 200w, https:\/\/www.ecolive.com\/assets\/2020\/01\/phare-deckmuhl-visite2020-1-1024x1365.jpg 1024w, https:\/\/www.ecolive.com\/assets\/2020\/01\/phare-deckmuhl-visite2020-1-590x787.jpg 590w, https:\/\/www.ecolive.com\/assets\/2020\/01\/phare-deckmuhl-visite2020-1-700x933.jpg 700w, https:\/\/www.ecolive.com\/assets\/2020\/01\/phare-deckmuhl-visite2020-1-640x853.jpg 640w, https:\/\/www.ecolive.com\/assets\/2020\/01\/phare-deckmuhl-visite2020-1.jpg 1512w\" data-sizes=\"(max-width: 375px) 100vw, 375px\" \/>\n<h2><strong>JOURNEE 3 \u2013 Formation au nouveau CRM et \u00e9change sur l\u2019organisation interne<\/strong><\/h2>\n<p>Ce mercredi est l\u2019occasion d\u2019enfin tous se r\u00e9unir, pour \u00e9changer sur des sujets communs\u00a0et notamment sur l\u2019<strong>arriv\u00e9e de notre nouveau CRM<\/strong>, qui nous permettra d\u2019\u00eatre encore plus pr\u00e9cis dans nos futurs reportings\u00a0!<\/p>\n<p>Nous avons \u00e9galement fait un point sur les \u00e9volutions depuis le pr\u00e9c\u00e9dent s\u00e9minaire, mais aussi sur <strong>les nouvelles marques avec lesquelles nous allons collaborer.<\/strong><\/p>\n<p>L\u2019apr\u00e8s-midi est consacr\u00e9e, quant \u00e0 elle, \u00e0 <strong>la communication interne<\/strong>, afin d\u2019entrer dans une d\u00e9marche d\u2019entraide au quotidien, entre les diff\u00e9rents services, sur le d\u00e9veloppement de nos marques !<img decoding=\"async\" loading=\"lazy\" class=\"aligncenter wp-image-8248 size-large\" data-src=\"\/assets\/2020\/01\/27b798a0-0833-4979-8c10-68f8f9dcc8e0-1024x768.jpeg\" data-lazy-img data-fade-in  alt=\"formation-ecolive-days\" width=\"600\" height=\"450\" data-srcset=\"https:\/\/www.ecolive.com\/assets\/2020\/01\/27b798a0-0833-4979-8c10-68f8f9dcc8e0-1024x768.jpeg 1024w, https:\/\/www.ecolive.com\/assets\/2020\/01\/27b798a0-0833-4979-8c10-68f8f9dcc8e0-300x225.jpeg 300w, https:\/\/www.ecolive.com\/assets\/2020\/01\/27b798a0-0833-4979-8c10-68f8f9dcc8e0-150x113.jpeg 150w, https:\/\/www.ecolive.com\/assets\/2020\/01\/27b798a0-0833-4979-8c10-68f8f9dcc8e0-768x576.jpeg 768w, https:\/\/www.ecolive.com\/assets\/2020\/01\/27b798a0-0833-4979-8c10-68f8f9dcc8e0-1536x1152.jpeg 1536w, https:\/\/www.ecolive.com\/assets\/2020\/01\/27b798a0-0833-4979-8c10-68f8f9dcc8e0-363x272.jpeg 363w, https:\/\/www.ecolive.com\/assets\/2020\/01\/27b798a0-0833-4979-8c10-68f8f9dcc8e0-296x222.jpeg 296w, https:\/\/www.ecolive.com\/assets\/2020\/01\/27b798a0-0833-4979-8c10-68f8f9dcc8e0-96x72.jpeg 96w, https:\/\/www.ecolive.com\/assets\/2020\/01\/27b798a0-0833-4979-8c10-68f8f9dcc8e0-427x320.jpeg 427w, https:\/\/www.ecolive.com\/assets\/2020\/01\/27b798a0-0833-4979-8c10-68f8f9dcc8e0-200x150.jpeg 200w, https:\/\/www.ecolive.com\/assets\/2020\/01\/27b798a0-0833-4979-8c10-68f8f9dcc8e0-590x443.jpeg 590w, https:\/\/www.ecolive.com\/assets\/2020\/01\/27b798a0-0833-4979-8c10-68f8f9dcc8e0-700x525.jpeg 700w, https:\/\/www.ecolive.com\/assets\/2020\/01\/27b798a0-0833-4979-8c10-68f8f9dcc8e0-640x480.jpeg 640w, https:\/\/www.ecolive.com\/assets\/2020\/01\/27b798a0-0833-4979-8c10-68f8f9dcc8e0.jpeg 1600w\" data-sizes=\"(max-width: 600px) 100vw, 600px\" \/><\/p>\n<h2><strong>JOURNEE 4 \u2013 Activit\u00e9 sportive et \u00e9change sur la communication et le marketing <\/strong><\/h2>\n<p>En cette derni\u00e8re journ\u00e9e, nous nous rejoignons \u00e0 9h00 pour une activit\u00e9 surprise ! Tout au long de la semaine, nous avons tous \u00e9mis des hypoth\u00e8ses d\u2019activit\u00e9s : paintball, laser game, char \u00e0 voile, v\u00e9lo, escape game\u2026 ? <strong>Et le grand gagnant est le char \u00e0 voile!<\/strong> Nous nous sommes rendus \u00e0 Saint-Brevin-les-Pins, pour une session d\u2019une heure de char \u00e0 voile avec la soci\u00e9t\u00e9 <a href=\"https:\/\/www.eks44.fr\/\">EKS44\u00a0<\/a>!<\/p>\n<p>Une activit\u00e9 qui permet toujours de souder les \u00e9quipes en dehors des \u00e9changes professionnels que nous pouvons avoir au cours de cette semaine.<\/p>\n<img decoding=\"async\" loading=\"lazy\" class=\"aligncenter wp-image-8247 size-large\" data-src=\"\/assets\/2020\/01\/4f4f68cb-228c-4f70-887a-f4133ab598c2-1024x768.jpeg\" data-lazy-img data-fade-in  alt=\"char-a-voile-ecolive\" width=\"600\" height=\"450\" data-srcset=\"https:\/\/www.ecolive.com\/assets\/2020\/01\/4f4f68cb-228c-4f70-887a-f4133ab598c2-1024x768.jpeg 1024w, https:\/\/www.ecolive.com\/assets\/2020\/01\/4f4f68cb-228c-4f70-887a-f4133ab598c2-300x225.jpeg 300w, https:\/\/www.ecolive.com\/assets\/2020\/01\/4f4f68cb-228c-4f70-887a-f4133ab598c2-150x113.jpeg 150w, https:\/\/www.ecolive.com\/assets\/2020\/01\/4f4f68cb-228c-4f70-887a-f4133ab598c2-768x576.jpeg 768w, https:\/\/www.ecolive.com\/assets\/2020\/01\/4f4f68cb-228c-4f70-887a-f4133ab598c2-1536x1152.jpeg 1536w, https:\/\/www.ecolive.com\/assets\/2020\/01\/4f4f68cb-228c-4f70-887a-f4133ab598c2-363x272.jpeg 363w, https:\/\/www.ecolive.com\/assets\/2020\/01\/4f4f68cb-228c-4f70-887a-f4133ab598c2-296x222.jpeg 296w, https:\/\/www.ecolive.com\/assets\/2020\/01\/4f4f68cb-228c-4f70-887a-f4133ab598c2-96x72.jpeg 96w, https:\/\/www.ecolive.com\/assets\/2020\/01\/4f4f68cb-228c-4f70-887a-f4133ab598c2-427x320.jpeg 427w, https:\/\/www.ecolive.com\/assets\/2020\/01\/4f4f68cb-228c-4f70-887a-f4133ab598c2-200x150.jpeg 200w, https:\/\/www.ecolive.com\/assets\/2020\/01\/4f4f68cb-228c-4f70-887a-f4133ab598c2-590x443.jpeg 590w, https:\/\/www.ecolive.com\/assets\/2020\/01\/4f4f68cb-228c-4f70-887a-f4133ab598c2-700x525.jpeg 700w, https:\/\/www.ecolive.com\/assets\/2020\/01\/4f4f68cb-228c-4f70-887a-f4133ab598c2-640x480.jpeg 640w, https:\/\/www.ecolive.com\/assets\/2020\/01\/4f4f68cb-228c-4f70-887a-f4133ab598c2.jpeg 1600w\" data-sizes=\"(max-width: 600px) 100vw, 600px\" \/>\n<p>Ensuite, durant l\u2019apr\u00e8s-midi, nous effectuons <strong>un debrief de la communication interne,<\/strong> abord\u00e9 la veille. Par la suite, nous pr\u00e9sentons <strong>les \u00e9volutions et futurs projets de communication<\/strong>\u00a0(nouveau site internet, nouvelle strat\u00e9gie de communication\u2026) puis les commerciaux allemands nous font <strong>une pr\u00e9sentation du march\u00e9 allemand<\/strong> <strong>avec les Reformhaus et<\/strong> <strong>les acteurs du bio en Allemagne.<\/strong><\/p>\n<p>Enfin, la journ\u00e9e s\u2019est cl\u00f4tur\u00e9e par un repas d\u2019\u00e9quipe au restaurant\u00a0nantais <a href=\"https:\/\/www.letirebouchonnantes.com\/\">le Tire-Bouchon<\/a>! Au menu\u00a0: une ambiance conviviale, pour partager un dernier moment tous ensemble avant les prochains Ecolive days\u00a0!<\/p>\n<p>Corn\u00e9lia<\/p>\n","protected":false},"excerpt":{"rendered":"<p>En ce d\u00e9but d\u2019ann\u00e9e, l\u2019ensemble de l\u2019\u00e9quipe ECOLIVE s\u2019est r\u00e9unie dans les bureaux de Vertou! Chaque ann\u00e9e, nous faisons en moyenne 2 semaines de s\u00e9minaire, afin de tous se retrouver et d\u2019\u00e9changer sur des points importants \u00e0 notre d\u00e9veloppement! Le programme du s\u00e9minaire\u00a0:\u00a0 JOURNEE 1 \u2013 Arriv\u00e9e des commerciaux et [&hellip;] <a href=\"https:\/\/www.ecolive.com\/fr\/notreactu\/ecolive-days-seminaire-entreprise-janvier-2020\/\" class=\"more\">Read More<\/a> <a href=\"https:\/\/www.ecolive.com\/fr\/notreactu\/ecolive-days-seminaire-entreprise-janvier-2020\/\" class=\"more\">Read More<\/a><\/p>\n","protected":false},"author":2,"featured_media":8257,"comment_status":"closed","ping_status":"closed","sticky":false,"template":"","format":"standard","meta":{"content-type":""},"categories":[32],"tags":[],"acf":[],"yoast_head":"<!-- This site is optimized with the Yoast SEO plugin v20.13 - https:\/\/yoast.com\/wordpress\/plugins\/seo\/ -->\n<title>Ecolive days : notre s\u00e9minaire d\u2019entreprise - Janvier 2020<\/title>\n<meta name=\"description\" content=\"L&#039;ensemble de l\u2019\u00e9quipe s\u2019est r\u00e9unie \u00e0 Vertou\u00a0pour les Ecolive days, afin de se retrouver et d\u2019\u00e9changer sur des points importants \u00e0 notre d\u00e9veloppement!\" \/>\n<meta name=\"robots\" content=\"index, follow, max-snippet:-1, max-image-preview:large, max-video-preview:-1\" \/>\n<link rel=\"canonical\" href=\"https:\/\/www.ecolive.com\/fr\/notreactu\/ecolive-days-seminaire-entreprise-janvier-2020\/\" \/>\n<meta property=\"og:locale\" content=\"fr_FR\" \/>\n<meta property=\"og:type\" content=\"article\" \/>\n<meta property=\"og:title\" content=\"Ecolive days : notre s\u00e9minaire d\u2019entreprise - Janvier 2020\" \/>\n<meta property=\"og:description\" content=\"L&#039;ensemble de l\u2019\u00e9quipe s\u2019est r\u00e9unie \u00e0 Vertou\u00a0pour les Ecolive days, afin de se retrouver et d\u2019\u00e9changer sur des points importants \u00e0 notre d\u00e9veloppement!\" \/>\n<meta property=\"og:url\" content=\"https:\/\/www.ecolive.com\/fr\/notreactu\/ecolive-days-seminaire-entreprise-janvier-2020\/\" \/>\n<meta property=\"og:site_name\" content=\"Ecolive\" \/>\n<meta property=\"article:publisher\" content=\"https:\/\/www.facebook.com\/pages\/Ecolive\/202304496496615\" \/>\n<meta property=\"article:published_time\" content=\"2020-01-31T14:07:32+00:00\" \/>\n<meta property=\"og:image\" content=\"https:\/\/www.ecolive.com\/assets\/2020\/01\/header-ecolive-days.jpg\" \/>\n\t<meta property=\"og:image:width\" content=\"1200\" \/>\n\t<meta property=\"og:image:height\" content=\"660\" \/>\n\t<meta property=\"og:image:type\" content=\"image\/jpeg\" \/>\n<meta name=\"author\" content=\"Ecolive\" \/>\n<meta name=\"twitter:card\" content=\"summary_large_image\" \/>\n<meta name=\"twitter:creator\" content=\"@ecolive_france\" \/>\n<meta name=\"twitter:site\" content=\"@ecolive_france\" \/>\n<meta name=\"twitter:label1\" content=\"\u00c9crit par\" \/>\n\t<meta name=\"twitter:data1\" content=\"Ecolive\" \/>\n\t<meta name=\"twitter:label2\" content=\"Dur\u00e9e de lecture estim\u00e9e\" \/>\n\t<meta name=\"twitter:data2\" content=\"3 minutes\" \/>\n<script type=\"application\/ld+json\" class=\"yoast-schema-graph\">{\"@context\":\"https:\/\/schema.org\",\"@graph\":[{\"@type\":\"WebPage\",\"@id\":\"https:\/\/www.ecolive.com\/fr\/notreactu\/ecolive-days-seminaire-entreprise-janvier-2020\/\",\"url\":\"https:\/\/www.ecolive.com\/fr\/notreactu\/ecolive-days-seminaire-entreprise-janvier-2020\/\",\"name\":\"Ecolive days : notre s\u00e9minaire d\u2019entreprise - Janvier 2020\",\"isPartOf\":{\"@id\":\"https:\/\/www.ecolive.com\/fr\/#website\"},\"datePublished\":\"2020-01-31T14:07:32+00:00\",\"dateModified\":\"2020-01-31T14:07:32+00:00\",\"author\":{\"@id\":\"https:\/\/www.ecolive.com\/fr\/#\/schema\/person\/6c21de678cf17f7810141bbba25f2555\"},\"description\":\"L'ensemble de l\u2019\u00e9quipe s\u2019est r\u00e9unie \u00e0 Vertou\u00a0pour les Ecolive days, afin de se retrouver et d\u2019\u00e9changer sur des points importants \u00e0 notre d\u00e9veloppement!\",\"breadcrumb\":{\"@id\":\"https:\/\/www.ecolive.com\/fr\/notreactu\/ecolive-days-seminaire-entreprise-janvier-2020\/#breadcrumb\"},\"inLanguage\":\"fr-FR\",\"potentialAction\":[{\"@type\":\"ReadAction\",\"target\":[\"https:\/\/www.ecolive.com\/fr\/notreactu\/ecolive-days-seminaire-entreprise-janvier-2020\/\"]}]},{\"@type\":\"BreadcrumbList\",\"@id\":\"https:\/\/www.ecolive.com\/fr\/notreactu\/ecolive-days-seminaire-entreprise-janvier-2020\/#breadcrumb\",\"itemListElement\":[{\"@type\":\"ListItem\",\"position\":1,\"name\":\"Accueil\",\"item\":\"https:\/\/www.ecolive.com\/fr\/\"},{\"@type\":\"ListItem\",\"position\":2,\"name\":\"Ecolive days : notre s\u00e9minaire d\u2019entreprise &#8211; Janvier 2020\"}]},{\"@type\":\"WebSite\",\"@id\":\"https:\/\/www.ecolive.com\/fr\/#website\",\"url\":\"https:\/\/www.ecolive.com\/fr\/\",\"name\":\"Ecolive\",\"description\":\"Chercheur de Go\u00fbt\",\"potentialAction\":[{\"@type\":\"SearchAction\",\"target\":{\"@type\":\"EntryPoint\",\"urlTemplate\":\"https:\/\/www.ecolive.com\/fr\/?s={search_term_string}\"},\"query-input\":\"required name=search_term_string\"}],\"inLanguage\":\"fr-FR\"},{\"@type\":\"Person\",\"@id\":\"https:\/\/www.ecolive.com\/fr\/#\/schema\/person\/6c21de678cf17f7810141bbba25f2555\",\"name\":\"Ecolive\",\"sameAs\":[\"https:\/\/www.ecolive.com\/\"],\"url\":\"https:\/\/www.ecolive.com\/fr\/author\/editor_ecolive\/\"}]}<\/script>\n<!-- \/ Yoast SEO plugin. -->","yoast_head_json":{"title":"Ecolive days : notre s\u00e9minaire d\u2019entreprise - Janvier 2020","description":"L'ensemble de l\u2019\u00e9quipe s\u2019est r\u00e9unie \u00e0 Vertou\u00a0pour les Ecolive days, afin de se retrouver et d\u2019\u00e9changer sur des points importants \u00e0 notre d\u00e9veloppement!","robots":{"index":"index","follow":"follow","max-snippet":"max-snippet:-1","max-image-preview":"max-image-preview:large","max-video-preview":"max-video-preview:-1"},"canonical":"https:\/\/www.ecolive.com\/fr\/notreactu\/ecolive-days-seminaire-entreprise-janvier-2020\/","og_locale":"fr_FR","og_type":"article","og_title":"Ecolive days : notre s\u00e9minaire d\u2019entreprise - Janvier 2020","og_description":"L'ensemble de l\u2019\u00e9quipe s\u2019est r\u00e9unie \u00e0 Vertou\u00a0pour les Ecolive days, afin de se retrouver et d\u2019\u00e9changer sur des points importants \u00e0 notre d\u00e9veloppement!","og_url":"https:\/\/www.ecolive.com\/fr\/notreactu\/ecolive-days-seminaire-entreprise-janvier-2020\/","og_site_name":"Ecolive","article_publisher":"https:\/\/www.facebook.com\/pages\/Ecolive\/202304496496615","article_published_time":"2020-01-31T14:07:32+00:00","og_image":[{"width":1200,"height":660,"url":"https:\/\/www.ecolive.com\/assets\/2020\/01\/header-ecolive-days.jpg","type":"image\/jpeg"}],"author":"Ecolive","twitter_card":"summary_large_image","twitter_creator":"@ecolive_france","twitter_site":"@ecolive_france","twitter_misc":{"\u00c9crit par":"Ecolive","Dur\u00e9e de lecture estim\u00e9e":"3 minutes"},"schema":{"@context":"https:\/\/schema.org","@graph":[{"@type":"WebPage","@id":"https:\/\/www.ecolive.com\/fr\/notreactu\/ecolive-days-seminaire-entreprise-janvier-2020\/","url":"https:\/\/www.ecolive.com\/fr\/notreactu\/ecolive-days-seminaire-entreprise-janvier-2020\/","name":"Ecolive days : notre s\u00e9minaire d\u2019entreprise - Janvier 2020","isPartOf":{"@id":"https:\/\/www.ecolive.com\/fr\/#website"},"datePublished":"2020-01-31T14:07:32+00:00","dateModified":"2020-01-31T14:07:32+00:00","author":{"@id":"https:\/\/www.ecolive.com\/fr\/#\/schema\/person\/6c21de678cf17f7810141bbba25f2555"},"description":"L'ensemble de l\u2019\u00e9quipe s\u2019est r\u00e9unie \u00e0 Vertou\u00a0pour les Ecolive days, afin de se retrouver et d\u2019\u00e9changer sur des points importants \u00e0 notre d\u00e9veloppement!","breadcrumb":{"@id":"https:\/\/www.ecolive.com\/fr\/notreactu\/ecolive-days-seminaire-entreprise-janvier-2020\/#breadcrumb"},"inLanguage":"fr-FR","potentialAction":[{"@type":"ReadAction","target":["https:\/\/www.ecolive.com\/fr\/notreactu\/ecolive-days-seminaire-entreprise-janvier-2020\/"]}]},{"@type":"BreadcrumbList","@id":"https:\/\/www.ecolive.com\/fr\/notreactu\/ecolive-days-seminaire-entreprise-janvier-2020\/#breadcrumb","itemListElement":[{"@type":"ListItem","position":1,"name":"Accueil","item":"https:\/\/www.ecolive.com\/fr\/"},{"@type":"ListItem","position":2,"name":"Ecolive days : notre s\u00e9minaire d\u2019entreprise &#8211; Janvier 2020"}]},{"@type":"WebSite","@id":"https:\/\/www.ecolive.com\/fr\/#website","url":"https:\/\/www.ecolive.com\/fr\/","name":"Ecolive","description":"Chercheur de Go\u00fbt","potentialAction":[{"@type":"SearchAction","target":{"@type":"EntryPoint","urlTemplate":"https:\/\/www.ecolive.com\/fr\/?s={search_term_string}"},"query-input":"required name=search_term_string"}],"inLanguage":"fr-FR"},{"@type":"Person","@id":"https:\/\/www.ecolive.com\/fr\/#\/schema\/person\/6c21de678cf17f7810141bbba25f2555","name":"Ecolive","sameAs":["https:\/\/www.ecolive.com\/"],"url":"https:\/\/www.ecolive.com\/fr\/author\/editor_ecolive\/"}]}},"_links":{"self":[{"href":"https:\/\/www.ecolive.com\/fr\/wp-json\/wp\/v2\/posts\/8243"}],"collection":[{"href":"https:\/\/www.ecolive.com\/fr\/wp-json\/wp\/v2\/posts"}],"about":[{"href":"https:\/\/www.ecolive.com\/fr\/wp-json\/wp\/v2\/types\/post"}],"author":[{"embeddable":true,"href":"https:\/\/www.ecolive.com\/fr\/wp-json\/wp\/v2\/users\/2"}],"replies":[{"embeddable":true,"href":"https:\/\/www.ecolive.com\/fr\/wp-json\/wp\/v2\/comments?post=8243"}],"version-history":[{"count":5,"href":"https:\/\/www.ecolive.com\/fr\/wp-json\/wp\/v2\/posts\/8243\/revisions"}],"predecessor-version":[{"id":8264,"href":"https:\/\/www.ecolive.com\/fr\/wp-json\/wp\/v2\/posts\/8243\/revisions\/8264"}],"wp:featuredmedia":[{"embeddable":true,"href":"https:\/\/www.ecolive.com\/fr\/wp-json\/wp\/v2\/media\/8257"}],"wp:attachment":[{"href":"https:\/\/www.ecolive.com\/fr\/wp-json\/wp\/v2\/media?parent=8243"}],"wp:term":[{"taxonomy":"category","embeddable":true,"href":"https:\/\/www.ecolive.com\/fr\/wp-json\/wp\/v2\/categories?post=8243"},{"taxonomy":"post_tag","embeddable":true,"href":"https:\/\/www.ecolive.com\/fr\/wp-json\/wp\/v2\/tags?post=8243"}],"curies":[{"name":"wp","href":"https:\/\/api.w.org\/{rel}","templated":true}]}}