{"id":8166,"date":"2019-12-17T12:20:40","date_gmt":"2019-12-17T11:20:40","guid":{"rendered":"https:\/\/www.ecolive.com\/?p=8166"},"modified":"2020-01-07T10:24:36","modified_gmt":"2020-01-07T09:24:36","slug":"natexpo-2019-ecolive","status":"publish","type":"post","link":"https:\/\/www.ecolive.com\/fr\/notreactu\/natexpo-2019-ecolive\/","title":{"rendered":"Natexpo 2019 : Ecolive \u00e9tait pr\u00e9sent au salon international de la bio"},"content":{"rendered":"<p>En octobre, nous avons particip\u00e9 au salon Natexpo 2019, du 20 au 22 octobre 2019 au Parc des expositions Paris Nord Villepinte. Nous participons \u00e0 Natexpo, depuis maintenant pr\u00e8s de 10 ans !<\/p>\n<h2><strong>Edition record pour le salon international des derni\u00e8res tendances bio \u00e0 Paris<\/strong><strong>\u00a0<\/strong><strong>!<\/strong><\/h2>\n<p>Apr\u00e8s la pr\u00e9c\u00e9dente \u00e9dition lyonnaise en 2018, <a href=\"https:\/\/natexpo.com\/\">Natexpo<\/a> est revenu \u00e0 Paris en 2019. Et cette ann\u00e9e c\u2019est <strong>1 115 exposants, r\u00e9partis sur une surface de 35 500 m2<\/strong> qui \u00e9taient pr\u00e9sents\u00a0! Les exposants sont venus du monde entier, ainsi<strong> 25% de la surface du salon \u00e9tait occup\u00e9e par des soci\u00e9t\u00e9s \u00e9trang\u00e8res. \u00a0<\/strong><\/p>\n<p>Durant trois jours, NATEXPO 2019 a attir\u00e9 \u00e0 Paris Nord Villepinte pr\u00e8s de <strong>17 600 visiteurs venus de 80 pays \u00e0 travers le monde\u00a0!<\/strong> Cette \u00e9dition a enregistr\u00e9 une fr\u00e9quentation record, en hausse de +19 % par rapport \u00e0 la pr\u00e9c\u00e9dente \u00e9dition parisienne de 2017.<\/p>\n<p>&nbsp;<\/p>\n<div style=\"text-align: center;\">\n<dl id=\"attachment_8174\">\n<dt><img decoding=\"async\" loading=\"lazy\" class=\"aligncenter\" src=\"\/assets\/2019\/12\/Natexpo19_Ambiance_071-1024x684.jpg\" alt=\"natexpo-2019\" width=\"600\" height=\"401\" \/><\/dt>\n<dd>Natexpo 2019 \u00a9 Nicolas Rodet<\/dd>\n<\/dl>\n<\/div>\n<p>Comme chaque ann\u00e9e <strong>de nombreux \u00e9v\u00e9nements ont \u00e9t\u00e9 organis\u00e9s au cours de ces 3 jours.<\/strong> Ces \u00e9v\u00e9nements ont remport\u00e9 un franc succ\u00e8s par les exposants et les visiteurs. Ils ont permis aux acheteurs et d\u00e9cideurs de s\u2019informer sur les derni\u00e8res tendances du moment pour saisir de nouvelles opportunit\u00e9s et \u00e9galement nouer de nouveaux partenariats. Parmi les \u00e9v\u00e9nements organis\u00e9s, on note\u00a0:<\/p>\n<ul>\n<li>Plus de <strong>1\u00a0200 rendez-vous d\u2019affaires<\/strong><\/li>\n<li><strong>\u00ab Le Lab \u00bb,<\/strong> consacr\u00e9 aux derni\u00e8res initiatives en mati\u00e8re d\u2019\u00e9cologie et d\u2019\u00e9co-responsabilit\u00e9.<\/li>\n<li><strong>La remise des Troph\u00e9es NATEXPO<\/strong>, qui a r\u00e9compens\u00e9 14 innovations dans 7 cat\u00e9gories distinctes.<\/li>\n<li>Des conf\u00e9rences anim\u00e9es pendant 3 jours par des experts l\u00e9gitimes dans le domaine de la bio (NATEXBIO, BioLin\u00e9raires, Cosm\u00e9bio, clusters r\u00e9gionaux, Agence Bio\u2026)<\/li>\n<\/ul>\n<h2><strong>Le village Ecolive \u00e0 Natexpo 2019<\/strong><strong>\u00a0<\/strong><strong>!<\/strong><\/h2>\n<img decoding=\"async\" loading=\"lazy\" class=\"aligncenter wp-image-8184 size-large\" data-src=\"\/assets\/2019\/12\/village-ecolive-natexpo-1024x1024.jpeg\" data-lazy-img data-fade-in  alt=\"ecolive-natexpo-2019\" width=\"600\" height=\"600\" data-srcset=\"https:\/\/www.ecolive.com\/assets\/2019\/12\/village-ecolive-natexpo-1024x1024.jpeg 1024w, https:\/\/www.ecolive.com\/assets\/2019\/12\/village-ecolive-natexpo-300x300.jpeg 300w, https:\/\/www.ecolive.com\/assets\/2019\/12\/village-ecolive-natexpo-150x150.jpeg 150w, https:\/\/www.ecolive.com\/assets\/2019\/12\/village-ecolive-natexpo-768x768.jpeg 768w, https:\/\/www.ecolive.com\/assets\/2019\/12\/village-ecolive-natexpo-272x272.jpeg 272w, https:\/\/www.ecolive.com\/assets\/2019\/12\/village-ecolive-natexpo-418x418.jpeg 418w, https:\/\/www.ecolive.com\/assets\/2019\/12\/village-ecolive-natexpo-225x225.jpeg 225w, https:\/\/www.ecolive.com\/assets\/2019\/12\/village-ecolive-natexpo-96x96.jpeg 96w, https:\/\/www.ecolive.com\/assets\/2019\/12\/village-ecolive-natexpo-320x320.jpeg 320w, https:\/\/www.ecolive.com\/assets\/2019\/12\/village-ecolive-natexpo-200x200.jpeg 200w, https:\/\/www.ecolive.com\/assets\/2019\/12\/village-ecolive-natexpo-590x590.jpeg 590w, https:\/\/www.ecolive.com\/assets\/2019\/12\/village-ecolive-natexpo-700x700.jpeg 700w, https:\/\/www.ecolive.com\/assets\/2019\/12\/village-ecolive-natexpo-640x640.jpeg 640w, https:\/\/www.ecolive.com\/assets\/2019\/12\/village-ecolive-natexpo.jpeg 1280w\" data-sizes=\"(max-width: 600px) 100vw, 600px\" \/>\n<p>Pour la premi\u00e8re fois cette ann\u00e9e, nous avons cr\u00e9\u00e9 <strong>un village ECOLIVE qui r\u00e9unissait l\u2019ensemble des marques, avec lesquelles nous collaborons, dans une m\u00eame all\u00e9e\u00a0!<\/strong> Vous avez alors pu nous rencontrer sur les stands J90, J91, J94, J95, J96 et J99 avec nos marques\u00a0:<\/p>\n<ul>\n<li><a href=\"https:\/\/www.ecolive.com\/fr\/producteur\/equiori\/\"><strong>Equiori<\/strong><\/a> (chocolat bio \u00e0 base de cacao colombien)<\/li>\n<li><a href=\"https:\/\/www.ecolive.com\/fr\/producteur\/pakka-noix-fairtrade-bio\/\"><strong>Pakka <\/strong><\/a>(noix fairtrade bio : noix de cajou, cacahu\u00e8tes, noix du br\u00e9sil\u2026)<\/li>\n<li><a href=\"https:\/\/www.ecolive.com\/fr\/producteur\/we-love-the-planet-deodorant\/\"><strong>We Love The Planet <\/strong><\/a>(d\u00e9odorants 100% naturels)<\/li>\n<li><a href=\"https:\/\/www.ecolive.com\/fr\/producteur\/brennos-superfood-bio\/\"><strong>Brennos <\/strong><\/a>(barres \u00e9nerg\u00e9tiques et superfood bio, made in France)<\/li>\n<li><a href=\"https:\/\/www.ecolive.com\/fr\/producteur\/pukka-thes-infusions-biologiques\/\"><strong>Pukka <\/strong><\/a>(th\u00e9s et infusions biologiques)<\/li>\n<li><strong><a href=\"https:\/\/www.ecolive.com\/fr\/producteur\/farm-brothers\/\">Farm Brothers<\/a> <\/strong>(cookies biologiques)<\/li>\n<li><a href=\"https:\/\/www.ecolive.com\/fr\/producteur\/taifun-tofu-proteines-vegetales\/\"><strong>Taifun <\/strong><\/a>(tofu bio)<\/li>\n<li><a href=\"https:\/\/www.ecolive.com\/fr\/producteur\/yarrah\/\"><strong>Yarrah <\/strong><\/a>(petfood bio)<\/li>\n<li><a href=\"https:\/\/www.ecolive.com\/fr\/producteur\/bio-verde\/\"><strong>Bio Verde <\/strong><\/a>(antipasti, fromage, charcuterie, tartinable\u2026)<\/li>\n<\/ul>\n<p>Mais aussi :<\/p>\n<ul>\n<li><strong><a href=\"https:\/\/www.ecolive.com\/fr\/producteur\/sonett-produits-naturels-ecologiques\/\">Sonett<\/a>, <\/strong>notre marque de produits d\u2019entretien sur le stand D31<\/li>\n<li><strong><a href=\"https:\/\/www.ecolive.com\/fr\/producteur\/marinoe\/\">Marino\u00eb<\/a>, <\/strong>notre producteur d\u2019algues alimentaires sur le stand C110<\/li>\n<\/ul>\n<p>Cette \u00e9dition a \u00e9t\u00e9 l\u2019occasion, une fois de plus d\u2019avoir <strong>les retours des grossistes, magasins bio ou consommateurs, sur chacun de nos produits\u00a0!<\/strong> Natexpo, a \u00e9galement \u00e9t\u00e9 pour Ecolive <strong>un moment d\u2019\u00e9change avec de belles marques<\/strong>, pour d\u2019\u00e9ventuelles futures collaborations\u00a0!<\/p>\n<p>Nous tenions particuli\u00e8rement \u00e0 remercier les enseignes, les grossistes et \u00e9videmment les magasins que notre \u00e9quipe commerciale rencontre durant toute l\u2019ann\u00e9e ! Merci \u00e0 vous tous d\u2019\u00eatre venus \u00e0 notre rencontre durant ces 3 jours.<\/p>\n<p>L\u2019ann\u00e9e prochaine, vous pourrez retrouver <strong>le village Ecolive \u00e0 Natexpo Lyon, les 21 et 22 septembre 2020<\/strong>\u00a0!<\/p>\n<p>En attendant suivez-vous sur notre page <a href=\"https:\/\/www.linkedin.com\/company\/ecolive-france\">LinkedIn<\/a> !<\/p>\n<p>Corn\u00e9lia,<\/p>\n<p>&nbsp;<\/p>\n","protected":false},"excerpt":{"rendered":"<p>En octobre, nous avons particip\u00e9 au salon Natexpo 2019, du 20 au 22 octobre 2019 au Parc des expositions Paris Nord Villepinte. Nous participons \u00e0 Natexpo, depuis maintenant pr\u00e8s de 10 ans ! Edition record pour le salon international des derni\u00e8res tendances bio \u00e0 Paris\u00a0! Apr\u00e8s la pr\u00e9c\u00e9dente \u00e9dition lyonnaise [&hellip;] <a href=\"https:\/\/www.ecolive.com\/fr\/notreactu\/natexpo-2019-ecolive\/\" class=\"more\">Read More<\/a> <a href=\"https:\/\/www.ecolive.com\/fr\/notreactu\/natexpo-2019-ecolive\/\" class=\"more\">Read More<\/a><\/p>\n","protected":false},"author":2,"featured_media":8188,"comment_status":"closed","ping_status":"closed","sticky":false,"template":"","format":"standard","meta":{"content-type":""},"categories":[32],"tags":[],"acf":[],"yoast_head":"<!-- This site is optimized with the Yoast SEO plugin v20.13 - https:\/\/yoast.com\/wordpress\/plugins\/seo\/ -->\n<title>Natexpo 2019 : Ecolive \u00e9tait pr\u00e9sent au salon international de la bio<\/title>\n<meta name=\"description\" content=\"En octobre, nous \u00e9tions avons particip\u00e9 au salon Natexpo 2019, du 20 au 22 octobre 2019 au Parc des expositions Paris Nord Villepinte.\" \/>\n<meta name=\"robots\" content=\"index, follow, max-snippet:-1, max-image-preview:large, max-video-preview:-1\" \/>\n<link rel=\"canonical\" href=\"https:\/\/www.ecolive.com\/fr\/notreactu\/natexpo-2019-ecolive\/\" \/>\n<meta property=\"og:locale\" content=\"fr_FR\" \/>\n<meta property=\"og:type\" content=\"article\" \/>\n<meta property=\"og:title\" content=\"Natexpo 2019 : Ecolive \u00e9tait pr\u00e9sent au salon international de la bio\" \/>\n<meta property=\"og:description\" content=\"En octobre, nous \u00e9tions avons particip\u00e9 au salon Natexpo 2019, du 20 au 22 octobre 2019 au Parc des expositions Paris Nord Villepinte.\" \/>\n<meta property=\"og:url\" content=\"https:\/\/www.ecolive.com\/fr\/notreactu\/natexpo-2019-ecolive\/\" \/>\n<meta property=\"og:site_name\" content=\"Ecolive\" \/>\n<meta property=\"article:publisher\" content=\"https:\/\/www.facebook.com\/pages\/Ecolive\/202304496496615\" \/>\n<meta property=\"article:published_time\" content=\"2019-12-17T11:20:40+00:00\" \/>\n<meta property=\"article:modified_time\" content=\"2020-01-07T09:24:36+00:00\" \/>\n<meta property=\"og:image\" content=\"https:\/\/www.ecolive.com\/assets\/2019\/12\/natexpo-2019-ecolive-header.jpg\" \/>\n\t<meta property=\"og:image:width\" content=\"1200\" \/>\n\t<meta property=\"og:image:height\" content=\"629\" \/>\n\t<meta property=\"og:image:type\" content=\"image\/jpeg\" \/>\n<meta name=\"author\" content=\"Ecolive\" \/>\n<meta name=\"twitter:card\" content=\"summary_large_image\" \/>\n<meta name=\"twitter:creator\" content=\"@ecolive_france\" \/>\n<meta name=\"twitter:site\" content=\"@ecolive_france\" \/>\n<meta name=\"twitter:label1\" content=\"\u00c9crit par\" \/>\n\t<meta name=\"twitter:data1\" content=\"Ecolive\" \/>\n\t<meta name=\"twitter:label2\" content=\"Dur\u00e9e de lecture estim\u00e9e\" \/>\n\t<meta name=\"twitter:data2\" content=\"3 minutes\" \/>\n<script type=\"application\/ld+json\" class=\"yoast-schema-graph\">{\"@context\":\"https:\/\/schema.org\",\"@graph\":[{\"@type\":\"WebPage\",\"@id\":\"https:\/\/www.ecolive.com\/fr\/notreactu\/natexpo-2019-ecolive\/\",\"url\":\"https:\/\/www.ecolive.com\/fr\/notreactu\/natexpo-2019-ecolive\/\",\"name\":\"Natexpo 2019 : Ecolive \u00e9tait pr\u00e9sent au salon international de la bio\",\"isPartOf\":{\"@id\":\"https:\/\/www.ecolive.com\/fr\/#website\"},\"datePublished\":\"2019-12-17T11:20:40+00:00\",\"dateModified\":\"2020-01-07T09:24:36+00:00\",\"author\":{\"@id\":\"https:\/\/www.ecolive.com\/fr\/#\/schema\/person\/6c21de678cf17f7810141bbba25f2555\"},\"description\":\"En octobre, nous \u00e9tions avons particip\u00e9 au salon Natexpo 2019, du 20 au 22 octobre 2019 au Parc des expositions Paris Nord Villepinte.\",\"breadcrumb\":{\"@id\":\"https:\/\/www.ecolive.com\/fr\/notreactu\/natexpo-2019-ecolive\/#breadcrumb\"},\"inLanguage\":\"fr-FR\",\"potentialAction\":[{\"@type\":\"ReadAction\",\"target\":[\"https:\/\/www.ecolive.com\/fr\/notreactu\/natexpo-2019-ecolive\/\"]}]},{\"@type\":\"BreadcrumbList\",\"@id\":\"https:\/\/www.ecolive.com\/fr\/notreactu\/natexpo-2019-ecolive\/#breadcrumb\",\"itemListElement\":[{\"@type\":\"ListItem\",\"position\":1,\"name\":\"Accueil\",\"item\":\"https:\/\/www.ecolive.com\/fr\/\"},{\"@type\":\"ListItem\",\"position\":2,\"name\":\"Natexpo 2019 : Ecolive \u00e9tait pr\u00e9sent au salon international de la bio\"}]},{\"@type\":\"WebSite\",\"@id\":\"https:\/\/www.ecolive.com\/fr\/#website\",\"url\":\"https:\/\/www.ecolive.com\/fr\/\",\"name\":\"Ecolive\",\"description\":\"Chercheur de Go\u00fbt\",\"potentialAction\":[{\"@type\":\"SearchAction\",\"target\":{\"@type\":\"EntryPoint\",\"urlTemplate\":\"https:\/\/www.ecolive.com\/fr\/?s={search_term_string}\"},\"query-input\":\"required name=search_term_string\"}],\"inLanguage\":\"fr-FR\"},{\"@type\":\"Person\",\"@id\":\"https:\/\/www.ecolive.com\/fr\/#\/schema\/person\/6c21de678cf17f7810141bbba25f2555\",\"name\":\"Ecolive\",\"sameAs\":[\"https:\/\/www.ecolive.com\/\"],\"url\":\"https:\/\/www.ecolive.com\/fr\/author\/editor_ecolive\/\"}]}<\/script>\n<!-- \/ Yoast SEO plugin. -->","yoast_head_json":{"title":"Natexpo 2019 : Ecolive \u00e9tait pr\u00e9sent au salon international de la bio","description":"En octobre, nous \u00e9tions avons particip\u00e9 au salon Natexpo 2019, du 20 au 22 octobre 2019 au Parc des expositions Paris Nord Villepinte.","robots":{"index":"index","follow":"follow","max-snippet":"max-snippet:-1","max-image-preview":"max-image-preview:large","max-video-preview":"max-video-preview:-1"},"canonical":"https:\/\/www.ecolive.com\/fr\/notreactu\/natexpo-2019-ecolive\/","og_locale":"fr_FR","og_type":"article","og_title":"Natexpo 2019 : Ecolive \u00e9tait pr\u00e9sent au salon international de la bio","og_description":"En octobre, nous \u00e9tions avons particip\u00e9 au salon Natexpo 2019, du 20 au 22 octobre 2019 au Parc des expositions Paris Nord Villepinte.","og_url":"https:\/\/www.ecolive.com\/fr\/notreactu\/natexpo-2019-ecolive\/","og_site_name":"Ecolive","article_publisher":"https:\/\/www.facebook.com\/pages\/Ecolive\/202304496496615","article_published_time":"2019-12-17T11:20:40+00:00","article_modified_time":"2020-01-07T09:24:36+00:00","og_image":[{"width":1200,"height":629,"url":"https:\/\/www.ecolive.com\/assets\/2019\/12\/natexpo-2019-ecolive-header.jpg","type":"image\/jpeg"}],"author":"Ecolive","twitter_card":"summary_large_image","twitter_creator":"@ecolive_france","twitter_site":"@ecolive_france","twitter_misc":{"\u00c9crit par":"Ecolive","Dur\u00e9e de lecture estim\u00e9e":"3 minutes"},"schema":{"@context":"https:\/\/schema.org","@graph":[{"@type":"WebPage","@id":"https:\/\/www.ecolive.com\/fr\/notreactu\/natexpo-2019-ecolive\/","url":"https:\/\/www.ecolive.com\/fr\/notreactu\/natexpo-2019-ecolive\/","name":"Natexpo 2019 : Ecolive \u00e9tait pr\u00e9sent au salon international de la bio","isPartOf":{"@id":"https:\/\/www.ecolive.com\/fr\/#website"},"datePublished":"2019-12-17T11:20:40+00:00","dateModified":"2020-01-07T09:24:36+00:00","author":{"@id":"https:\/\/www.ecolive.com\/fr\/#\/schema\/person\/6c21de678cf17f7810141bbba25f2555"},"description":"En octobre, nous \u00e9tions avons particip\u00e9 au salon Natexpo 2019, du 20 au 22 octobre 2019 au Parc des expositions Paris Nord Villepinte.","breadcrumb":{"@id":"https:\/\/www.ecolive.com\/fr\/notreactu\/natexpo-2019-ecolive\/#breadcrumb"},"inLanguage":"fr-FR","potentialAction":[{"@type":"ReadAction","target":["https:\/\/www.ecolive.com\/fr\/notreactu\/natexpo-2019-ecolive\/"]}]},{"@type":"BreadcrumbList","@id":"https:\/\/www.ecolive.com\/fr\/notreactu\/natexpo-2019-ecolive\/#breadcrumb","itemListElement":[{"@type":"ListItem","position":1,"name":"Accueil","item":"https:\/\/www.ecolive.com\/fr\/"},{"@type":"ListItem","position":2,"name":"Natexpo 2019 : Ecolive \u00e9tait pr\u00e9sent au salon international de la bio"}]},{"@type":"WebSite","@id":"https:\/\/www.ecolive.com\/fr\/#website","url":"https:\/\/www.ecolive.com\/fr\/","name":"Ecolive","description":"Chercheur de Go\u00fbt","potentialAction":[{"@type":"SearchAction","target":{"@type":"EntryPoint","urlTemplate":"https:\/\/www.ecolive.com\/fr\/?s={search_term_string}"},"query-input":"required name=search_term_string"}],"inLanguage":"fr-FR"},{"@type":"Person","@id":"https:\/\/www.ecolive.com\/fr\/#\/schema\/person\/6c21de678cf17f7810141bbba25f2555","name":"Ecolive","sameAs":["https:\/\/www.ecolive.com\/"],"url":"https:\/\/www.ecolive.com\/fr\/author\/editor_ecolive\/"}]}},"_links":{"self":[{"href":"https:\/\/www.ecolive.com\/fr\/wp-json\/wp\/v2\/posts\/8166"}],"collection":[{"href":"https:\/\/www.ecolive.com\/fr\/wp-json\/wp\/v2\/posts"}],"about":[{"href":"https:\/\/www.ecolive.com\/fr\/wp-json\/wp\/v2\/types\/post"}],"author":[{"embeddable":true,"href":"https:\/\/www.ecolive.com\/fr\/wp-json\/wp\/v2\/users\/2"}],"replies":[{"embeddable":true,"href":"https:\/\/www.ecolive.com\/fr\/wp-json\/wp\/v2\/comments?post=8166"}],"version-history":[{"count":6,"href":"https:\/\/www.ecolive.com\/fr\/wp-json\/wp\/v2\/posts\/8166\/revisions"}],"predecessor-version":[{"id":8239,"href":"https:\/\/www.ecolive.com\/fr\/wp-json\/wp\/v2\/posts\/8166\/revisions\/8239"}],"wp:featuredmedia":[{"embeddable":true,"href":"https:\/\/www.ecolive.com\/fr\/wp-json\/wp\/v2\/media\/8188"}],"wp:attachment":[{"href":"https:\/\/www.ecolive.com\/fr\/wp-json\/wp\/v2\/media?parent=8166"}],"wp:term":[{"taxonomy":"category","embeddable":true,"href":"https:\/\/www.ecolive.com\/fr\/wp-json\/wp\/v2\/categories?post=8166"},{"taxonomy":"post_tag","embeddable":true,"href":"https:\/\/www.ecolive.com\/fr\/wp-json\/wp\/v2\/tags?post=8166"}],"curies":[{"name":"wp","href":"https:\/\/api.w.org\/{rel}","templated":true}]}}