{"id":6916,"date":"2018-12-01T12:43:24","date_gmt":"2018-12-01T11:43:24","guid":{"rendered":"http:\/\/www.ecolive.com\/?p=6916"},"modified":"2019-11-14T14:46:11","modified_gmt":"2019-11-14T13:46:11","slug":"collecte-nationale-banques-alimentaires","status":"publish","type":"post","link":"https:\/\/www.ecolive.com\/fr\/notreactu\/collecte-nationale-banques-alimentaires\/","title":{"rendered":"La Collecte nationale des Banques Alimentaires"},"content":{"rendered":"<div class=\"field field--name-field-text-teaser field--type-string-long field--label-visually_hidden field__items\">\n<div>A l&rsquo;occasion du dernier week-end de Novembre,<strong> les banques alimentaires effectuent une collecte nationale<\/strong> et font appel \u00e0 la g\u00e9n\u00e9rosit\u00e9 de chacun. <a href=\"https:\/\/www.ecolive.com\/fr\/nos-aventures\/banque-alimentaire-don-produits-ecolive\/\">Apr\u00e8s avoir donn\u00e9 des produits, il y a quelques mois<\/a>, nous avons d\u00e9cid\u00e9 de renouveler l&rsquo;exp\u00e9rience \u00e0 l&rsquo;occasion de cette collecte.<\/div>\n<\/div>\n<div class=\"clearfix text-formatted field field--name-body field--type-text-with-summary field--label-visually_hidden field__items\">\n<div class=\"field__item\">\n<h2 id=\"scrollNav-1\" class=\"scroll-nav__section\">La Collecte Nationale, du 30 novembre au 2 d\u00e9cembre, un geste de solidarit\u00e9<\/h2>\n<p>Chaque ann\u00e9e \u00e0 la fin du mois de Novembre, des centaines de milliers de b\u00e9n\u00e9voles se r\u00e9unissent pour <strong>collecter des denr\u00e9es alimentaires dans plus de 9 000 points de collecte<\/strong>\u00a0sur tout le territoire ( en M\u00e9tropole, en Martinique, en Guadeloupe et \u00e0 la R\u00e9union). Les denr\u00e9es alimentaires collect\u00e9es par les b\u00e9n\u00e9voles sont ensuite redistribu\u00e9es dans le d\u00e9partement o\u00f9 elles ont \u00e9t\u00e9 collect\u00e9es.<strong> Cette aide b\u00e9n\u00e9ficie ensuite aux personnes en situation de pauvret\u00e9.<\/strong><\/p>\n<img decoding=\"async\" loading=\"lazy\" class=\"aligncenter wp-image-6945\" data-src=\"https:\/\/www.ecolive.com\/assets\/2018\/12\/collecte-nationale-212x300.jpg\" data-lazy-img data-fade-in  alt=\"affiche-collecte-nationale\" width=\"283\" height=\"400\" data-srcset=\"https:\/\/www.ecolive.com\/assets\/2018\/12\/collecte-nationale-212x300.jpg 212w, https:\/\/www.ecolive.com\/assets\/2018\/12\/collecte-nationale-106x150.jpg 106w, https:\/\/www.ecolive.com\/assets\/2018\/12\/collecte-nationale-768x1086.jpg 768w, https:\/\/www.ecolive.com\/assets\/2018\/12\/collecte-nationale-724x1024.jpg 724w, https:\/\/www.ecolive.com\/assets\/2018\/12\/collecte-nationale-192x272.jpg 192w, https:\/\/www.ecolive.com\/assets\/2018\/12\/collecte-nationale-159x225.jpg 159w, https:\/\/www.ecolive.com\/assets\/2018\/12\/collecte-nationale-96x136.jpg 96w, https:\/\/www.ecolive.com\/assets\/2018\/12\/collecte-nationale-226x320.jpg 226w, https:\/\/www.ecolive.com\/assets\/2018\/12\/collecte-nationale-200x283.jpg 200w, https:\/\/www.ecolive.com\/assets\/2018\/12\/collecte-nationale-1920x2715.jpg 1920w, https:\/\/www.ecolive.com\/assets\/2018\/12\/collecte-nationale-1024x1448.jpg 1024w, https:\/\/www.ecolive.com\/assets\/2018\/12\/collecte-nationale-590x834.jpg 590w, https:\/\/www.ecolive.com\/assets\/2018\/12\/collecte-nationale-700x990.jpg 700w, https:\/\/www.ecolive.com\/assets\/2018\/12\/collecte-nationale-640x905.jpg 640w\" data-sizes=\"(max-width: 283px) 100vw, 283px\" \/>\n<section id=\"scrollNav-2\" class=\"scroll-nav__section\">\n<div class=\"clearfix text-formatted field field--name-body field--type-text-with-summary field--label-visually_hidden field__items\">\n<div class=\"field__item\">\n<section id=\"scrollNav-3\" class=\"scroll-nav__section\">\n<h3>Retour sur la Collecte Nationale de 2017<\/h3>\n<p>L&rsquo;ann\u00e9e derni\u00e8re, durant 2 jours, <strong>plus de 130 000 b\u00e9n\u00e9voles en gilets orange se sont mobilis\u00e9s<\/strong> en France :<\/p>\n<\/section>\n<ul>\n<li class=\"scroll-nav__section\">Qui \u00e9tait au rendez-vous ? des \u00e9tudiants et lyc\u00e9ens, des mairies, des scouts, des partenaires, des industriels, des grandes distributions, des associations&#8230;<\/li>\n<li class=\"scroll-nav__section\">Combien de points de Collecte ?<strong> 9 000 points de collecte dont 8 000 magasins.<\/strong><\/li>\n<\/ul>\n<section>La qualit\u00e9 des dons de produit a augment\u00e9. En effet, il y a<strong> une augmentation des dons de conserves de l\u00e9gumes, de viandes, de poissons, de plats cuisin\u00e9s mais aussi de pots pour b\u00e9b\u00e9s<\/strong>.\u00a0<\/section>\n<\/div>\n<section>Les semaines ayant suivi, la collecte nationale, les b\u00e9n\u00e9voles se sont mobilis\u00e9 pour peser, trier, stocker les milliers de tonnes de dons. Ces dons ont permis de compl\u00e9ter, tout au long de l\u2019ann\u00e9e 2018, les dons de produits et les ramasses quotidiennes de produits frais effectu\u00e9s chaque jour par les Gilets orange et redistribu\u00e9s \u00e0 plus de 5 000 associations et CCAS partenaires en France.<\/section>\n<\/div>\n<section>Au total, en 2017, la Collecte Nationale des Banques Alimentaires a permis de r\u00e9colter pr\u00e8s de<strong> 12 000\u00a0tonnes de denr\u00e9es alimentaires<\/strong>, soit l\u2019\u00e9quivalent de<strong>\u00a023 millions de repas collect\u00e9s<\/strong> ! Essayons de faire encore mieux en 2018 !\u00a0<\/section>\n<h3>Des partenaires solidaires\u00a0et engag\u00e9s<\/h3>\n<p>Parmi les partenaires des banques alimentaires, nous retrouvons :<\/p>\n<ul>\n<li><strong>les collectivit\u00e9s territoriale<\/strong>s mobilisent leurs agents ainsi que leurs locaux pour soutenir la logistique des banques alimentaires.<\/li>\n<li><strong>les 5 400 associations partenaires <\/strong>qui travaillent toute l&rsquo;ann\u00e9e avec les banques alimentaires de France et qui s&rsquo;engagent avec leurs b\u00e9n\u00e9voles \u00e0 recueillir des dons alimentaires.<\/li>\n<li><strong>les clubs services engag\u00e9s<\/strong> ( Kiwanis, Lions Club, Rotary) qui\u00a0participent \u00e0 l&rsquo;organisation et \u00e0 l&rsquo;accueil des dons lors de ce grand week-end solidaire.<\/li>\n<li><strong>les entreprises mobilis\u00e9es<\/strong> qui soutiennent en mettant \u00e0 disposition des \u00e9quipes de salari\u00e9s, des v\u00e9hicules et qui organisent des \u00e9v\u00e9nements sp\u00e9ciaux.<\/li>\n<\/ul>\n<h2>La participation d&rsquo;Ecolive \u00e0 la Collecte Nationale des Banques Alimentaires.<\/h2>\n<\/section>\n<p>A cette occasion, nous allons fournir des produits issus de l&rsquo;agriculture biologique, \u00e0 la Banque Alimentaire de Loire Atlantique. Nous allons mettre \u00e0 disposition de la collecte nationale :<\/p>\n<ul>\n<li>des<strong> crackers<\/strong> <a href=\"https:\/\/www.ecolive.com\/fr\/producteur\/organica\/\">Organica<\/a><\/li>\n<li>des<strong> plats pr\u00e9par\u00e9s<\/strong> <a href=\"http:\/\/dac\">Davert<\/a><\/li>\n<li>des<strong> g\u00e2teaux sans gluten<\/strong> de la marque Celiane.<\/li>\n<\/ul>\n<img decoding=\"async\" loading=\"lazy\" class=\"size-medium wp-image-6944 aligncenter\" data-src=\"https:\/\/www.ecolive.com\/assets\/2018\/12\/davert-300x300.jpg\" data-lazy-img data-fade-in  alt=\"plat-prepare-davert\" width=\"300\" height=\"300\" data-srcset=\"https:\/\/www.ecolive.com\/assets\/2018\/12\/davert-300x300.jpg 300w, https:\/\/www.ecolive.com\/assets\/2018\/12\/davert-150x150.jpg 150w, https:\/\/www.ecolive.com\/assets\/2018\/12\/davert-273x272.jpg 273w, https:\/\/www.ecolive.com\/assets\/2018\/12\/davert-418x418.jpg 418w, https:\/\/www.ecolive.com\/assets\/2018\/12\/davert-226x225.jpg 226w, https:\/\/www.ecolive.com\/assets\/2018\/12\/davert-96x96.jpg 96w, https:\/\/www.ecolive.com\/assets\/2018\/12\/davert-321x320.jpg 321w, https:\/\/www.ecolive.com\/assets\/2018\/12\/davert-200x199.jpg 200w, https:\/\/www.ecolive.com\/assets\/2018\/12\/davert.jpg 481w\" data-sizes=\"(max-width: 300px) 100vw, 300px\" \/>\n<\/div>\n<\/div>\n<p>C&rsquo;est avec plaisir que nous donnons \u00e0 la banque alimentaire depuis plus d&rsquo;un mois, et nous comptons renouveler les actions d\u00e8s que possible.<\/p>\n<p>Corn\u00e9lia<\/p>\n<section><\/section>\n","protected":false},"excerpt":{"rendered":"<p>A l&rsquo;occasion du dernier week-end de Novembre, les banques alimentaires effectuent une collecte nationale et font appel \u00e0 la g\u00e9n\u00e9rosit\u00e9 de chacun. Apr\u00e8s avoir donn\u00e9 des produits, il y a quelques mois, nous avons d\u00e9cid\u00e9 de renouveler l&rsquo;exp\u00e9rience \u00e0 l&rsquo;occasion de cette collecte. La Collecte Nationale, du 30 novembre au [&hellip;] <a href=\"https:\/\/www.ecolive.com\/fr\/notreactu\/collecte-nationale-banques-alimentaires\/\" class=\"more\">Read More<\/a> <a href=\"https:\/\/www.ecolive.com\/fr\/notreactu\/collecte-nationale-banques-alimentaires\/\" class=\"more\">Read More<\/a><\/p>\n","protected":false},"author":2,"featured_media":6947,"comment_status":"closed","ping_status":"closed","sticky":false,"template":"","format":"standard","meta":{"content-type":""},"categories":[32],"tags":[],"acf":[],"yoast_head":"<!-- This site is optimized with the Yoast SEO plugin v20.13 - https:\/\/yoast.com\/wordpress\/plugins\/seo\/ -->\n<title>La Collecte nationale des Banques Alimentaires - Ecolive<\/title>\n<meta name=\"description\" content=\"A l&#039;occasion du dernier week-end de Novembre, les banques alimentaires effectuent une collecte nationale et font appel \u00e0 la g\u00e9n\u00e9rosit\u00e9 de chacun. Apr\u00e8s\" \/>\n<meta name=\"robots\" content=\"index, follow, max-snippet:-1, max-image-preview:large, max-video-preview:-1\" \/>\n<link rel=\"canonical\" href=\"https:\/\/www.ecolive.com\/fr\/notreactu\/collecte-nationale-banques-alimentaires\/\" \/>\n<meta property=\"og:locale\" content=\"fr_FR\" \/>\n<meta property=\"og:type\" content=\"article\" \/>\n<meta property=\"og:title\" content=\"La Collecte nationale des Banques Alimentaires - Ecolive\" \/>\n<meta property=\"og:description\" content=\"A l&#039;occasion du dernier week-end de Novembre, les banques alimentaires effectuent une collecte nationale et font appel \u00e0 la g\u00e9n\u00e9rosit\u00e9 de chacun. Apr\u00e8s\" \/>\n<meta property=\"og:url\" content=\"https:\/\/www.ecolive.com\/fr\/notreactu\/collecte-nationale-banques-alimentaires\/\" \/>\n<meta property=\"og:site_name\" content=\"Ecolive\" \/>\n<meta property=\"article:publisher\" content=\"https:\/\/www.facebook.com\/pages\/Ecolive\/202304496496615\" \/>\n<meta property=\"article:published_time\" content=\"2018-12-01T11:43:24+00:00\" \/>\n<meta property=\"article:modified_time\" content=\"2019-11-14T13:46:11+00:00\" \/>\n<meta property=\"og:image\" content=\"https:\/\/www.ecolive.com\/assets\/2018\/12\/collecte-nationale-banque-alimentaire.jpg\" \/>\n\t<meta property=\"og:image:width\" content=\"1200\" \/>\n\t<meta property=\"og:image:height\" content=\"500\" \/>\n\t<meta property=\"og:image:type\" content=\"image\/jpeg\" \/>\n<meta name=\"author\" content=\"Ecolive\" \/>\n<meta name=\"twitter:card\" content=\"summary_large_image\" \/>\n<meta name=\"twitter:creator\" content=\"@ecolive_france\" \/>\n<meta name=\"twitter:site\" content=\"@ecolive_france\" \/>\n<meta name=\"twitter:label1\" content=\"\u00c9crit par\" \/>\n\t<meta name=\"twitter:data1\" content=\"Ecolive\" \/>\n\t<meta name=\"twitter:label2\" content=\"Dur\u00e9e de lecture estim\u00e9e\" \/>\n\t<meta name=\"twitter:data2\" content=\"3 minutes\" \/>\n<script type=\"application\/ld+json\" class=\"yoast-schema-graph\">{\"@context\":\"https:\/\/schema.org\",\"@graph\":[{\"@type\":\"WebPage\",\"@id\":\"https:\/\/www.ecolive.com\/fr\/notreactu\/collecte-nationale-banques-alimentaires\/\",\"url\":\"https:\/\/www.ecolive.com\/fr\/notreactu\/collecte-nationale-banques-alimentaires\/\",\"name\":\"La Collecte nationale des Banques Alimentaires - Ecolive\",\"isPartOf\":{\"@id\":\"https:\/\/www.ecolive.com\/fr\/#website\"},\"datePublished\":\"2018-12-01T11:43:24+00:00\",\"dateModified\":\"2019-11-14T13:46:11+00:00\",\"author\":{\"@id\":\"https:\/\/www.ecolive.com\/fr\/#\/schema\/person\/6c21de678cf17f7810141bbba25f2555\"},\"description\":\"A l'occasion du dernier week-end de Novembre, les banques alimentaires effectuent une collecte nationale et font appel \u00e0 la g\u00e9n\u00e9rosit\u00e9 de chacun. Apr\u00e8s\",\"breadcrumb\":{\"@id\":\"https:\/\/www.ecolive.com\/fr\/notreactu\/collecte-nationale-banques-alimentaires\/#breadcrumb\"},\"inLanguage\":\"fr-FR\",\"potentialAction\":[{\"@type\":\"ReadAction\",\"target\":[\"https:\/\/www.ecolive.com\/fr\/notreactu\/collecte-nationale-banques-alimentaires\/\"]}]},{\"@type\":\"BreadcrumbList\",\"@id\":\"https:\/\/www.ecolive.com\/fr\/notreactu\/collecte-nationale-banques-alimentaires\/#breadcrumb\",\"itemListElement\":[{\"@type\":\"ListItem\",\"position\":1,\"name\":\"Accueil\",\"item\":\"https:\/\/www.ecolive.com\/fr\/\"},{\"@type\":\"ListItem\",\"position\":2,\"name\":\"La Collecte nationale des Banques Alimentaires\"}]},{\"@type\":\"WebSite\",\"@id\":\"https:\/\/www.ecolive.com\/fr\/#website\",\"url\":\"https:\/\/www.ecolive.com\/fr\/\",\"name\":\"Ecolive\",\"description\":\"Chercheur de Go\u00fbt\",\"potentialAction\":[{\"@type\":\"SearchAction\",\"target\":{\"@type\":\"EntryPoint\",\"urlTemplate\":\"https:\/\/www.ecolive.com\/fr\/?s={search_term_string}\"},\"query-input\":\"required name=search_term_string\"}],\"inLanguage\":\"fr-FR\"},{\"@type\":\"Person\",\"@id\":\"https:\/\/www.ecolive.com\/fr\/#\/schema\/person\/6c21de678cf17f7810141bbba25f2555\",\"name\":\"Ecolive\",\"sameAs\":[\"https:\/\/www.ecolive.com\/\"],\"url\":\"https:\/\/www.ecolive.com\/fr\/author\/editor_ecolive\/\"}]}<\/script>\n<!-- \/ Yoast SEO plugin. -->","yoast_head_json":{"title":"La Collecte nationale des Banques Alimentaires - Ecolive","description":"A l'occasion du dernier week-end de Novembre, les banques alimentaires effectuent une collecte nationale et font appel \u00e0 la g\u00e9n\u00e9rosit\u00e9 de chacun. Apr\u00e8s","robots":{"index":"index","follow":"follow","max-snippet":"max-snippet:-1","max-image-preview":"max-image-preview:large","max-video-preview":"max-video-preview:-1"},"canonical":"https:\/\/www.ecolive.com\/fr\/notreactu\/collecte-nationale-banques-alimentaires\/","og_locale":"fr_FR","og_type":"article","og_title":"La Collecte nationale des Banques Alimentaires - Ecolive","og_description":"A l'occasion du dernier week-end de Novembre, les banques alimentaires effectuent une collecte nationale et font appel \u00e0 la g\u00e9n\u00e9rosit\u00e9 de chacun. Apr\u00e8s","og_url":"https:\/\/www.ecolive.com\/fr\/notreactu\/collecte-nationale-banques-alimentaires\/","og_site_name":"Ecolive","article_publisher":"https:\/\/www.facebook.com\/pages\/Ecolive\/202304496496615","article_published_time":"2018-12-01T11:43:24+00:00","article_modified_time":"2019-11-14T13:46:11+00:00","og_image":[{"width":1200,"height":500,"url":"https:\/\/www.ecolive.com\/assets\/2018\/12\/collecte-nationale-banque-alimentaire.jpg","type":"image\/jpeg"}],"author":"Ecolive","twitter_card":"summary_large_image","twitter_creator":"@ecolive_france","twitter_site":"@ecolive_france","twitter_misc":{"\u00c9crit par":"Ecolive","Dur\u00e9e de lecture estim\u00e9e":"3 minutes"},"schema":{"@context":"https:\/\/schema.org","@graph":[{"@type":"WebPage","@id":"https:\/\/www.ecolive.com\/fr\/notreactu\/collecte-nationale-banques-alimentaires\/","url":"https:\/\/www.ecolive.com\/fr\/notreactu\/collecte-nationale-banques-alimentaires\/","name":"La Collecte nationale des Banques Alimentaires - Ecolive","isPartOf":{"@id":"https:\/\/www.ecolive.com\/fr\/#website"},"datePublished":"2018-12-01T11:43:24+00:00","dateModified":"2019-11-14T13:46:11+00:00","author":{"@id":"https:\/\/www.ecolive.com\/fr\/#\/schema\/person\/6c21de678cf17f7810141bbba25f2555"},"description":"A l'occasion du dernier week-end de Novembre, les banques alimentaires effectuent une collecte nationale et font appel \u00e0 la g\u00e9n\u00e9rosit\u00e9 de chacun. Apr\u00e8s","breadcrumb":{"@id":"https:\/\/www.ecolive.com\/fr\/notreactu\/collecte-nationale-banques-alimentaires\/#breadcrumb"},"inLanguage":"fr-FR","potentialAction":[{"@type":"ReadAction","target":["https:\/\/www.ecolive.com\/fr\/notreactu\/collecte-nationale-banques-alimentaires\/"]}]},{"@type":"BreadcrumbList","@id":"https:\/\/www.ecolive.com\/fr\/notreactu\/collecte-nationale-banques-alimentaires\/#breadcrumb","itemListElement":[{"@type":"ListItem","position":1,"name":"Accueil","item":"https:\/\/www.ecolive.com\/fr\/"},{"@type":"ListItem","position":2,"name":"La Collecte nationale des Banques Alimentaires"}]},{"@type":"WebSite","@id":"https:\/\/www.ecolive.com\/fr\/#website","url":"https:\/\/www.ecolive.com\/fr\/","name":"Ecolive","description":"Chercheur de Go\u00fbt","potentialAction":[{"@type":"SearchAction","target":{"@type":"EntryPoint","urlTemplate":"https:\/\/www.ecolive.com\/fr\/?s={search_term_string}"},"query-input":"required name=search_term_string"}],"inLanguage":"fr-FR"},{"@type":"Person","@id":"https:\/\/www.ecolive.com\/fr\/#\/schema\/person\/6c21de678cf17f7810141bbba25f2555","name":"Ecolive","sameAs":["https:\/\/www.ecolive.com\/"],"url":"https:\/\/www.ecolive.com\/fr\/author\/editor_ecolive\/"}]}},"_links":{"self":[{"href":"https:\/\/www.ecolive.com\/fr\/wp-json\/wp\/v2\/posts\/6916"}],"collection":[{"href":"https:\/\/www.ecolive.com\/fr\/wp-json\/wp\/v2\/posts"}],"about":[{"href":"https:\/\/www.ecolive.com\/fr\/wp-json\/wp\/v2\/types\/post"}],"author":[{"embeddable":true,"href":"https:\/\/www.ecolive.com\/fr\/wp-json\/wp\/v2\/users\/2"}],"replies":[{"embeddable":true,"href":"https:\/\/www.ecolive.com\/fr\/wp-json\/wp\/v2\/comments?post=6916"}],"version-history":[{"count":2,"href":"https:\/\/www.ecolive.com\/fr\/wp-json\/wp\/v2\/posts\/6916\/revisions"}],"predecessor-version":[{"id":6949,"href":"https:\/\/www.ecolive.com\/fr\/wp-json\/wp\/v2\/posts\/6916\/revisions\/6949"}],"wp:featuredmedia":[{"embeddable":true,"href":"https:\/\/www.ecolive.com\/fr\/wp-json\/wp\/v2\/media\/6947"}],"wp:attachment":[{"href":"https:\/\/www.ecolive.com\/fr\/wp-json\/wp\/v2\/media?parent=6916"}],"wp:term":[{"taxonomy":"category","embeddable":true,"href":"https:\/\/www.ecolive.com\/fr\/wp-json\/wp\/v2\/categories?post=6916"},{"taxonomy":"post_tag","embeddable":true,"href":"https:\/\/www.ecolive.com\/fr\/wp-json\/wp\/v2\/tags?post=6916"}],"curies":[{"name":"wp","href":"https:\/\/api.w.org\/{rel}","templated":true}]}}