{"id":6566,"date":"2018-10-18T15:25:01","date_gmt":"2018-10-18T14:25:01","guid":{"rendered":"http:\/\/www.ecolive.com\/?p=6566"},"modified":"2019-11-14T14:48:02","modified_gmt":"2019-11-14T13:48:02","slug":"weiling-bionord-et-biosud-ecolive","status":"publish","type":"post","link":"https:\/\/www.ecolive.com\/fr\/notreactu\/weiling-bionord-et-biosud-ecolive\/","title":{"rendered":"L&rsquo;\u00e9quipe Ecolive sur les salons Weiling, BioNord &#038; BioS\u00fcd"},"content":{"rendered":"<p>En septembre, l\u2019\u00e9quipe Allemagne \u00e9tait pr\u00e9sente sur les salons\u00a0: Weiling, BioNord et BioS\u00fcd\u00a0! Retour en image sur les salons allemands.<\/p>\n<h2>Trois salons en 1 mois\u00a0: Weiling, BioNord et BioS\u00fcd.<\/h2>\n<p>Ce mois de septembre a commenc\u00e9 avec <strong>le salon Weiling. Il se d\u00e9roulait du 1<sup>er<\/sup> au 2 \u00e0 Coesfeld<\/strong>. Ce salon professionnel de la bio est destin\u00e9 aux magasins clients du grossiste Weiling, l\u2019un des plus importants grossistes sp\u00e9cialis\u00e9s dans le bio en Allemagne.<\/p>\n<p><strong>La BioNord et la BioS\u00fcd sont destin\u00e9es aux magasins sp\u00e9cialis\u00e9s<\/strong>. La BioNord a lieu tous les ans \u00e0 Hannover. Cette ann\u00e9e l\u2019exposition avait lieu le 9 septembre. La BioS\u00fcd se d\u00e9roule chaque ann\u00e9e \u00e0 Augsburg en Bavi\u00e8re. Cette ann\u00e9e, la BioS\u00fcd s\u2019est d\u00e9roul\u00e9e le m\u00eame week-end que <a href=\"https:\/\/www.ecolive.com\/fr\/nos-aventures\/natexpo-2018-ecolive-salon-international-de-la-bio\/\">la Natexpo<\/a> et a eu lieu le 23 septembre.<\/p>\n<h2>L\u2019\u00c9quipe Ecolive en Allemagne.<\/h2>\n<p>Durant tout le mois de septembre, notre \u00e9quipe allemande a eu l\u2019occasion d\u2019\u00e9changer avec une multitude de visiteurs. Ces salons ont \u00e9t\u00e9 <strong>riches en rencontres et en \u00e9changes<\/strong>, ce que nous appr\u00e9cions toujours autant. De plus, c\u2019\u00e9tait la premi\u00e8re participation \u00e0 des salons pour une partie de l\u2019\u00e9quipe\u00a0!\u00a0 Nous avons pu rencontrer un grand nombre de magasins bio sp\u00e9cialis\u00e9s d\u2019Allemagne, mais aussi beaucoup de personnes de tout\u00a0horizon.<\/p>\n<img decoding=\"async\" loading=\"lazy\" class=\"aligncenter wp-image-6570\" data-src=\"https:\/\/www.ecolive.com\/assets\/2018\/10\/IMG_20180908_165941-ConvertImage-300x169.jpg\" data-lazy-img data-fade-in  alt=\"ecolive-bionord\" width=\"450\" height=\"253\" data-srcset=\"https:\/\/www.ecolive.com\/assets\/2018\/10\/IMG_20180908_165941-ConvertImage-300x169.jpg 300w, https:\/\/www.ecolive.com\/assets\/2018\/10\/IMG_20180908_165941-ConvertImage-150x84.jpg 150w, https:\/\/www.ecolive.com\/assets\/2018\/10\/IMG_20180908_165941-ConvertImage-768x432.jpg 768w, https:\/\/www.ecolive.com\/assets\/2018\/10\/IMG_20180908_165941-ConvertImage-1024x576.jpg 1024w, https:\/\/www.ecolive.com\/assets\/2018\/10\/IMG_20180908_165941-ConvertImage-484x272.jpg 484w, https:\/\/www.ecolive.com\/assets\/2018\/10\/IMG_20180908_165941-ConvertImage-296x167.jpg 296w, https:\/\/www.ecolive.com\/assets\/2018\/10\/IMG_20180908_165941-ConvertImage-96x54.jpg 96w, https:\/\/www.ecolive.com\/assets\/2018\/10\/IMG_20180908_165941-ConvertImage-569x320.jpg 569w, https:\/\/www.ecolive.com\/assets\/2018\/10\/IMG_20180908_165941-ConvertImage-200x113.jpg 200w, https:\/\/www.ecolive.com\/assets\/2018\/10\/IMG_20180908_165941-ConvertImage-590x332.jpg 590w, https:\/\/www.ecolive.com\/assets\/2018\/10\/IMG_20180908_165941-ConvertImage-700x394.jpg 700w, https:\/\/www.ecolive.com\/assets\/2018\/10\/IMG_20180908_165941-ConvertImage-640x360.jpg 640w, https:\/\/www.ecolive.com\/assets\/2018\/10\/IMG_20180908_165941-ConvertImage.jpg 1639w\" data-sizes=\"(max-width: 450px) 100vw, 450px\" \/>\n<p>Sur notre stand, si vous \u00e9tiez pr\u00e9sent \u00e0 chacun de ces salons, vous avez pu d\u00e9couvrir de nombreuses marques\u00a0:<\/p>\n<ul>\n<li><a href=\"https:\/\/www.ecolive.com\/fr\/producteur\/organica\/\">Organica<\/a>, notre <strong>producteur de fruits lyophilis\u00e9s.<\/strong><\/li>\n<li><a href=\"https:\/\/celianeglutenfree.com\/\">Les recettes de C\u00e9liane<\/a>, notre <strong>producteur de cuisine\u00a0sans gluten<\/strong>, saine et gourmande (madeleines, cookies\u2026).<\/li>\n<li><a href=\"https:\/\/www.ecolive.com\/fr\/producteur\/phare-deckmuhl\/\">Phare d\u2019Eckm\u00fchl<\/a>, producteur breton de <strong>conserves de poissons bio<\/strong> (sardines, thon, maquereaux\u2026).<\/li>\n<li><a href=\"https:\/\/www.ecolive.com\/fr\/producteur\/linck\/\">Linck<\/a>, producteur d\u2019<strong>alternatives v\u00e9g\u00e9tariennes et v\u00e9g\u00e9taliennes de fromage et de charcuterie<\/strong>.<\/li>\n<\/ul>\n<p>&nbsp;<\/p>\n<img decoding=\"async\" loading=\"lazy\" class=\"wp-image-6568 aligncenter\" data-src=\"https:\/\/www.ecolive.com\/assets\/2018\/10\/IMG_20180909_113720-ConvertImage-300x169.jpg\" data-lazy-img data-fade-in  alt=\"linck-bionord\" width=\"400\" height=\"225\" data-srcset=\"https:\/\/www.ecolive.com\/assets\/2018\/10\/IMG_20180909_113720-ConvertImage-300x169.jpg 300w, https:\/\/www.ecolive.com\/assets\/2018\/10\/IMG_20180909_113720-ConvertImage-150x84.jpg 150w, https:\/\/www.ecolive.com\/assets\/2018\/10\/IMG_20180909_113720-ConvertImage-768x432.jpg 768w, https:\/\/www.ecolive.com\/assets\/2018\/10\/IMG_20180909_113720-ConvertImage-1024x576.jpg 1024w, https:\/\/www.ecolive.com\/assets\/2018\/10\/IMG_20180909_113720-ConvertImage-484x272.jpg 484w, https:\/\/www.ecolive.com\/assets\/2018\/10\/IMG_20180909_113720-ConvertImage-296x167.jpg 296w, https:\/\/www.ecolive.com\/assets\/2018\/10\/IMG_20180909_113720-ConvertImage-96x54.jpg 96w, https:\/\/www.ecolive.com\/assets\/2018\/10\/IMG_20180909_113720-ConvertImage-569x320.jpg 569w, https:\/\/www.ecolive.com\/assets\/2018\/10\/IMG_20180909_113720-ConvertImage-200x113.jpg 200w, https:\/\/www.ecolive.com\/assets\/2018\/10\/IMG_20180909_113720-ConvertImage-590x332.jpg 590w, https:\/\/www.ecolive.com\/assets\/2018\/10\/IMG_20180909_113720-ConvertImage-700x394.jpg 700w, https:\/\/www.ecolive.com\/assets\/2018\/10\/IMG_20180909_113720-ConvertImage-640x360.jpg 640w, https:\/\/www.ecolive.com\/assets\/2018\/10\/IMG_20180909_113720-ConvertImage.jpg 1639w\" data-sizes=\"(max-width: 400px) 100vw, 400px\" \/><img decoding=\"async\" loading=\"lazy\" class=\"wp-image-6569 aligncenter\" data-src=\"https:\/\/www.ecolive.com\/assets\/2018\/10\/IMG_20180909_092341-ConvertImage-300x169.jpg\" data-lazy-img data-fade-in  alt=\"celiane-organica-bionord\" width=\"400\" height=\"225\" data-srcset=\"https:\/\/www.ecolive.com\/assets\/2018\/10\/IMG_20180909_092341-ConvertImage-300x169.jpg 300w, https:\/\/www.ecolive.com\/assets\/2018\/10\/IMG_20180909_092341-ConvertImage-150x84.jpg 150w, https:\/\/www.ecolive.com\/assets\/2018\/10\/IMG_20180909_092341-ConvertImage-768x432.jpg 768w, https:\/\/www.ecolive.com\/assets\/2018\/10\/IMG_20180909_092341-ConvertImage-1024x576.jpg 1024w, https:\/\/www.ecolive.com\/assets\/2018\/10\/IMG_20180909_092341-ConvertImage-484x272.jpg 484w, https:\/\/www.ecolive.com\/assets\/2018\/10\/IMG_20180909_092341-ConvertImage-296x167.jpg 296w, https:\/\/www.ecolive.com\/assets\/2018\/10\/IMG_20180909_092341-ConvertImage-96x54.jpg 96w, https:\/\/www.ecolive.com\/assets\/2018\/10\/IMG_20180909_092341-ConvertImage-569x320.jpg 569w, https:\/\/www.ecolive.com\/assets\/2018\/10\/IMG_20180909_092341-ConvertImage-200x113.jpg 200w, https:\/\/www.ecolive.com\/assets\/2018\/10\/IMG_20180909_092341-ConvertImage-590x332.jpg 590w, https:\/\/www.ecolive.com\/assets\/2018\/10\/IMG_20180909_092341-ConvertImage-700x394.jpg 700w, https:\/\/www.ecolive.com\/assets\/2018\/10\/IMG_20180909_092341-ConvertImage-640x360.jpg 640w, https:\/\/www.ecolive.com\/assets\/2018\/10\/IMG_20180909_092341-ConvertImage.jpg 1639w\" data-sizes=\"(max-width: 400px) 100vw, 400px\" \/>\n<p style=\"text-align: left;\">Vous pourrez prochainement nous retrouver en Allemagne \u00e0 la Biofach, salon mondial de l&rsquo;alimentation biologique. Toute l\u2019\u00e9quipe, France et Allemagne, comme chaque ann\u00e9e, parcourra l\u2019ensemble des all\u00e9es.<\/p>\n<p style=\"text-align: left;\">Corn\u00e9lia,<\/p>\n<p>&nbsp;<\/p>\n<p>&nbsp;<\/p>\n","protected":false},"excerpt":{"rendered":"<p>En septembre, l\u2019\u00e9quipe Allemagne \u00e9tait pr\u00e9sente sur les salons\u00a0: Weiling, BioNord et BioS\u00fcd\u00a0! Retour en image sur les salons allemands. Trois salons en 1 mois\u00a0: Weiling, BioNord et BioS\u00fcd. Ce mois de septembre a commenc\u00e9 avec le salon Weiling. Il se d\u00e9roulait du 1er au 2 \u00e0 Coesfeld. Ce salon [&hellip;] <a href=\"https:\/\/www.ecolive.com\/fr\/notreactu\/weiling-bionord-et-biosud-ecolive\/\" class=\"more\">Read More<\/a> <a href=\"https:\/\/www.ecolive.com\/fr\/notreactu\/weiling-bionord-et-biosud-ecolive\/\" class=\"more\">Read More<\/a><\/p>\n","protected":false},"author":2,"featured_media":6613,"comment_status":"closed","ping_status":"closed","sticky":false,"template":"","format":"standard","meta":{"content-type":""},"categories":[32],"tags":[],"acf":[],"yoast_head":"<!-- This site is optimized with the Yoast SEO plugin v20.13 - https:\/\/yoast.com\/wordpress\/plugins\/seo\/ -->\n<title>Weiling, BioNord et BioS\u00fcd : nous y \u00e9tions ! | Ecolive Organic Trade Agency<\/title>\n<meta name=\"description\" content=\"En septembre, l\u2019\u00e9quipe Allemagne \u00e9tait pr\u00e9sente sur les salons\u00a0: Weiling, BioNord et BioS\u00fcd\u00a0! Apr\u00e8s Natexpo, retour en image sur les salons allemands.\" \/>\n<meta name=\"robots\" content=\"index, follow, max-snippet:-1, max-image-preview:large, max-video-preview:-1\" \/>\n<link rel=\"canonical\" href=\"https:\/\/www.ecolive.com\/fr\/notreactu\/weiling-bionord-et-biosud-ecolive\/\" \/>\n<meta property=\"og:locale\" content=\"fr_FR\" \/>\n<meta property=\"og:type\" content=\"article\" \/>\n<meta property=\"og:title\" content=\"Weiling, BioNord et BioS\u00fcd : nous y \u00e9tions ! | Ecolive Organic Trade Agency\" \/>\n<meta property=\"og:description\" content=\"En septembre, l\u2019\u00e9quipe Allemagne \u00e9tait pr\u00e9sente sur les salons\u00a0: Weiling, BioNord et BioS\u00fcd\u00a0! Apr\u00e8s Natexpo, retour en image sur les salons allemands.\" \/>\n<meta property=\"og:url\" content=\"https:\/\/www.ecolive.com\/fr\/notreactu\/weiling-bionord-et-biosud-ecolive\/\" \/>\n<meta property=\"og:site_name\" content=\"Ecolive\" \/>\n<meta property=\"article:publisher\" content=\"https:\/\/www.facebook.com\/pages\/Ecolive\/202304496496615\" \/>\n<meta property=\"article:published_time\" content=\"2018-10-18T14:25:01+00:00\" \/>\n<meta property=\"article:modified_time\" content=\"2019-11-14T13:48:02+00:00\" \/>\n<meta property=\"og:image\" content=\"https:\/\/www.ecolive.com\/assets\/2018\/10\/weiling-bionord-et-biosud-header-ConvertImage.jpg\" \/>\n\t<meta property=\"og:image:width\" content=\"1250\" \/>\n\t<meta property=\"og:image:height\" content=\"467\" \/>\n\t<meta property=\"og:image:type\" content=\"image\/jpeg\" \/>\n<meta name=\"author\" content=\"Ecolive\" \/>\n<meta name=\"twitter:card\" content=\"summary_large_image\" \/>\n<meta name=\"twitter:creator\" content=\"@ecolive_france\" \/>\n<meta name=\"twitter:site\" content=\"@ecolive_france\" \/>\n<meta name=\"twitter:label1\" content=\"\u00c9crit par\" \/>\n\t<meta name=\"twitter:data1\" content=\"Ecolive\" \/>\n\t<meta name=\"twitter:label2\" content=\"Dur\u00e9e de lecture estim\u00e9e\" \/>\n\t<meta name=\"twitter:data2\" content=\"2 minutes\" \/>\n<script type=\"application\/ld+json\" class=\"yoast-schema-graph\">{\"@context\":\"https:\/\/schema.org\",\"@graph\":[{\"@type\":\"WebPage\",\"@id\":\"https:\/\/www.ecolive.com\/fr\/notreactu\/weiling-bionord-et-biosud-ecolive\/\",\"url\":\"https:\/\/www.ecolive.com\/fr\/notreactu\/weiling-bionord-et-biosud-ecolive\/\",\"name\":\"Weiling, BioNord et BioS\u00fcd : nous y \u00e9tions ! | Ecolive Organic Trade Agency\",\"isPartOf\":{\"@id\":\"https:\/\/www.ecolive.com\/fr\/#website\"},\"datePublished\":\"2018-10-18T14:25:01+00:00\",\"dateModified\":\"2019-11-14T13:48:02+00:00\",\"author\":{\"@id\":\"https:\/\/www.ecolive.com\/fr\/#\/schema\/person\/6c21de678cf17f7810141bbba25f2555\"},\"description\":\"En septembre, l\u2019\u00e9quipe Allemagne \u00e9tait pr\u00e9sente sur les salons\u00a0: Weiling, BioNord et BioS\u00fcd\u00a0! Apr\u00e8s Natexpo, retour en image sur les salons allemands.\",\"breadcrumb\":{\"@id\":\"https:\/\/www.ecolive.com\/fr\/notreactu\/weiling-bionord-et-biosud-ecolive\/#breadcrumb\"},\"inLanguage\":\"fr-FR\",\"potentialAction\":[{\"@type\":\"ReadAction\",\"target\":[\"https:\/\/www.ecolive.com\/fr\/notreactu\/weiling-bionord-et-biosud-ecolive\/\"]}]},{\"@type\":\"BreadcrumbList\",\"@id\":\"https:\/\/www.ecolive.com\/fr\/notreactu\/weiling-bionord-et-biosud-ecolive\/#breadcrumb\",\"itemListElement\":[{\"@type\":\"ListItem\",\"position\":1,\"name\":\"Accueil\",\"item\":\"https:\/\/www.ecolive.com\/fr\/\"},{\"@type\":\"ListItem\",\"position\":2,\"name\":\"L&rsquo;\u00e9quipe Ecolive sur les salons Weiling, BioNord &#038; BioS\u00fcd\"}]},{\"@type\":\"WebSite\",\"@id\":\"https:\/\/www.ecolive.com\/fr\/#website\",\"url\":\"https:\/\/www.ecolive.com\/fr\/\",\"name\":\"Ecolive\",\"description\":\"Chercheur de Go\u00fbt\",\"potentialAction\":[{\"@type\":\"SearchAction\",\"target\":{\"@type\":\"EntryPoint\",\"urlTemplate\":\"https:\/\/www.ecolive.com\/fr\/?s={search_term_string}\"},\"query-input\":\"required name=search_term_string\"}],\"inLanguage\":\"fr-FR\"},{\"@type\":\"Person\",\"@id\":\"https:\/\/www.ecolive.com\/fr\/#\/schema\/person\/6c21de678cf17f7810141bbba25f2555\",\"name\":\"Ecolive\",\"sameAs\":[\"https:\/\/www.ecolive.com\/\"],\"url\":\"https:\/\/www.ecolive.com\/fr\/author\/editor_ecolive\/\"}]}<\/script>\n<!-- \/ Yoast SEO plugin. -->","yoast_head_json":{"title":"Weiling, BioNord et BioS\u00fcd : nous y \u00e9tions ! | Ecolive Organic Trade Agency","description":"En septembre, l\u2019\u00e9quipe Allemagne \u00e9tait pr\u00e9sente sur les salons\u00a0: Weiling, BioNord et BioS\u00fcd\u00a0! Apr\u00e8s Natexpo, retour en image sur les salons allemands.","robots":{"index":"index","follow":"follow","max-snippet":"max-snippet:-1","max-image-preview":"max-image-preview:large","max-video-preview":"max-video-preview:-1"},"canonical":"https:\/\/www.ecolive.com\/fr\/notreactu\/weiling-bionord-et-biosud-ecolive\/","og_locale":"fr_FR","og_type":"article","og_title":"Weiling, BioNord et BioS\u00fcd : nous y \u00e9tions ! | Ecolive Organic Trade Agency","og_description":"En septembre, l\u2019\u00e9quipe Allemagne \u00e9tait pr\u00e9sente sur les salons\u00a0: Weiling, BioNord et BioS\u00fcd\u00a0! Apr\u00e8s Natexpo, retour en image sur les salons allemands.","og_url":"https:\/\/www.ecolive.com\/fr\/notreactu\/weiling-bionord-et-biosud-ecolive\/","og_site_name":"Ecolive","article_publisher":"https:\/\/www.facebook.com\/pages\/Ecolive\/202304496496615","article_published_time":"2018-10-18T14:25:01+00:00","article_modified_time":"2019-11-14T13:48:02+00:00","og_image":[{"width":1250,"height":467,"url":"https:\/\/www.ecolive.com\/assets\/2018\/10\/weiling-bionord-et-biosud-header-ConvertImage.jpg","type":"image\/jpeg"}],"author":"Ecolive","twitter_card":"summary_large_image","twitter_creator":"@ecolive_france","twitter_site":"@ecolive_france","twitter_misc":{"\u00c9crit par":"Ecolive","Dur\u00e9e de lecture estim\u00e9e":"2 minutes"},"schema":{"@context":"https:\/\/schema.org","@graph":[{"@type":"WebPage","@id":"https:\/\/www.ecolive.com\/fr\/notreactu\/weiling-bionord-et-biosud-ecolive\/","url":"https:\/\/www.ecolive.com\/fr\/notreactu\/weiling-bionord-et-biosud-ecolive\/","name":"Weiling, BioNord et BioS\u00fcd : nous y \u00e9tions ! | Ecolive Organic Trade Agency","isPartOf":{"@id":"https:\/\/www.ecolive.com\/fr\/#website"},"datePublished":"2018-10-18T14:25:01+00:00","dateModified":"2019-11-14T13:48:02+00:00","author":{"@id":"https:\/\/www.ecolive.com\/fr\/#\/schema\/person\/6c21de678cf17f7810141bbba25f2555"},"description":"En septembre, l\u2019\u00e9quipe Allemagne \u00e9tait pr\u00e9sente sur les salons\u00a0: Weiling, BioNord et BioS\u00fcd\u00a0! Apr\u00e8s Natexpo, retour en image sur les salons allemands.","breadcrumb":{"@id":"https:\/\/www.ecolive.com\/fr\/notreactu\/weiling-bionord-et-biosud-ecolive\/#breadcrumb"},"inLanguage":"fr-FR","potentialAction":[{"@type":"ReadAction","target":["https:\/\/www.ecolive.com\/fr\/notreactu\/weiling-bionord-et-biosud-ecolive\/"]}]},{"@type":"BreadcrumbList","@id":"https:\/\/www.ecolive.com\/fr\/notreactu\/weiling-bionord-et-biosud-ecolive\/#breadcrumb","itemListElement":[{"@type":"ListItem","position":1,"name":"Accueil","item":"https:\/\/www.ecolive.com\/fr\/"},{"@type":"ListItem","position":2,"name":"L&rsquo;\u00e9quipe Ecolive sur les salons Weiling, BioNord &#038; BioS\u00fcd"}]},{"@type":"WebSite","@id":"https:\/\/www.ecolive.com\/fr\/#website","url":"https:\/\/www.ecolive.com\/fr\/","name":"Ecolive","description":"Chercheur de Go\u00fbt","potentialAction":[{"@type":"SearchAction","target":{"@type":"EntryPoint","urlTemplate":"https:\/\/www.ecolive.com\/fr\/?s={search_term_string}"},"query-input":"required name=search_term_string"}],"inLanguage":"fr-FR"},{"@type":"Person","@id":"https:\/\/www.ecolive.com\/fr\/#\/schema\/person\/6c21de678cf17f7810141bbba25f2555","name":"Ecolive","sameAs":["https:\/\/www.ecolive.com\/"],"url":"https:\/\/www.ecolive.com\/fr\/author\/editor_ecolive\/"}]}},"_links":{"self":[{"href":"https:\/\/www.ecolive.com\/fr\/wp-json\/wp\/v2\/posts\/6566"}],"collection":[{"href":"https:\/\/www.ecolive.com\/fr\/wp-json\/wp\/v2\/posts"}],"about":[{"href":"https:\/\/www.ecolive.com\/fr\/wp-json\/wp\/v2\/types\/post"}],"author":[{"embeddable":true,"href":"https:\/\/www.ecolive.com\/fr\/wp-json\/wp\/v2\/users\/2"}],"replies":[{"embeddable":true,"href":"https:\/\/www.ecolive.com\/fr\/wp-json\/wp\/v2\/comments?post=6566"}],"version-history":[{"count":5,"href":"https:\/\/www.ecolive.com\/fr\/wp-json\/wp\/v2\/posts\/6566\/revisions"}],"predecessor-version":[{"id":6615,"href":"https:\/\/www.ecolive.com\/fr\/wp-json\/wp\/v2\/posts\/6566\/revisions\/6615"}],"wp:featuredmedia":[{"embeddable":true,"href":"https:\/\/www.ecolive.com\/fr\/wp-json\/wp\/v2\/media\/6613"}],"wp:attachment":[{"href":"https:\/\/www.ecolive.com\/fr\/wp-json\/wp\/v2\/media?parent=6566"}],"wp:term":[{"taxonomy":"category","embeddable":true,"href":"https:\/\/www.ecolive.com\/fr\/wp-json\/wp\/v2\/categories?post=6566"},{"taxonomy":"post_tag","embeddable":true,"href":"https:\/\/www.ecolive.com\/fr\/wp-json\/wp\/v2\/tags?post=6566"}],"curies":[{"name":"wp","href":"https:\/\/api.w.org\/{rel}","templated":true}]}}