{"id":5309,"date":"2018-04-11T21:43:26","date_gmt":"2018-04-11T20:43:26","guid":{"rendered":"http:\/\/www.ecolive.com\/?p=5309\/"},"modified":"2018-04-11T21:43:26","modified_gmt":"2018-04-11T20:43:26","slug":"le-drive-tout-nu-le-premier-drive-zero-dechet","status":"publish","type":"post","link":"https:\/\/www.ecolive.com\/fr\/green-actu\/le-drive-tout-nu-le-premier-drive-zero-dechet\/","title":{"rendered":"Le drive tout nu, le premier drive z\u00e9ro d\u00e9chet"},"content":{"rendered":"<p>Saviez-vous qu\u2019un Fran\u00e7ais sur trois consacre plus de temps \u00e0 faire ses courses en ligne qu\u2019\u00e0 la pr\u00e9paration des repas\u00a0? \u00a0Ces chiffres ressortent d\u2019une \u00e9tude OpinionWay r\u00e9alis\u00e9 en mai 2016 et nous montre l\u2019importance que prennent les courses en ligne dans la vie des Fran\u00e7ais. Aujourd&rsquo;hui, nous avons d\u00e9cid\u00e9 d&rsquo;\u00e9voquer avec vous le drive avec le Drive tout nu, le premier drive z\u00e9ro d\u00e9chet. Ce concept, se rapproche fortement du <a href=\"https:\/\/www.ecolive.com\/fr\/green-actu\/presentation-o-bocal\/\">concept O&rsquo;Bocal<\/a> dont nous vous avions d\u00e9j\u00e0 parl\u00e9.<\/p>\n<h2>Qu\u2019est-ce que le concept du drive tout nu\u00a0?<\/h2>\n<p><a href=\"https:\/\/ledrivetoutnu.com\/\">Le Drive tout nu<\/a> est une solution accessible \u00e0 tous pour consommer de mani\u00e8re responsable, en vous proposant un drive z\u00e9ro d\u00e9chet\u00a0!<\/p>\n<img decoding=\"async\" loading=\"lazy\" class=\"size-medium wp-image-5310 aligncenter\" data-src=\"https:\/\/www.ecolive.com\/assets\/2018\/04\/logo-le-drive-tout-nu-300x212.png\" data-lazy-img data-fade-in  alt=\"logo-le-drive-tout-nu\" width=\"300\" height=\"212\" data-srcset=\"https:\/\/www.ecolive.com\/assets\/2018\/04\/logo-le-drive-tout-nu-300x212.png 300w, https:\/\/www.ecolive.com\/assets\/2018\/04\/logo-le-drive-tout-nu-150x106.png 150w, https:\/\/www.ecolive.com\/assets\/2018\/04\/logo-le-drive-tout-nu-768x543.png 768w, https:\/\/www.ecolive.com\/assets\/2018\/04\/logo-le-drive-tout-nu-385x272.png 385w, https:\/\/www.ecolive.com\/assets\/2018\/04\/logo-le-drive-tout-nu-296x209.png 296w, https:\/\/www.ecolive.com\/assets\/2018\/04\/logo-le-drive-tout-nu-96x68.png 96w, https:\/\/www.ecolive.com\/assets\/2018\/04\/logo-le-drive-tout-nu-453x320.png 453w, https:\/\/www.ecolive.com\/assets\/2018\/04\/logo-le-drive-tout-nu-200x141.png 200w, https:\/\/www.ecolive.com\/assets\/2018\/04\/logo-le-drive-tout-nu-590x417.png 590w, https:\/\/www.ecolive.com\/assets\/2018\/04\/logo-le-drive-tout-nu-700x495.png 700w, https:\/\/www.ecolive.com\/assets\/2018\/04\/logo-le-drive-tout-nu-640x452.png 640w, https:\/\/www.ecolive.com\/assets\/2018\/04\/logo-le-drive-tout-nu.png 843w\" data-sizes=\"(max-width: 300px) 100vw, 300px\" \/>\n<p>En quelques mots faire ses courses avec le drive tout nu, c\u2019est\u00a0b\u00e9n\u00e9fique pour\u00a0:<\/p>\n<ul>\n<li>L\u2019environnement, puisque les emballages jetables repr\u00e9sentent 50% du volume de nos poubelles. En optant pour des produits z\u00e9ro d\u00e9chet, on contribue \u00e0 r\u00e9duire son impact environnemental<\/li>\n<li>Votre sant\u00e9, le drive tout nu nous indique qu\u2019il ne propose que \u00ab\u00a0<strong>des produits de qualit\u00e9, non transform\u00e9s et sains pour votre sant\u00e9.\u00a0\u00bb<\/strong><\/li>\n<li>Votre porte-monnaie puisque malgr\u00e9 tout, l\u2019emballage repr\u00e9sente actuellement 10 \u00e0 40% du prix d\u2019un produit<\/li>\n<\/ul>\n<p>&nbsp;<\/p>\n<h2>Comment faire ses achats sur le drive tout nu\u00a0?<\/h2>\n<img decoding=\"async\" loading=\"lazy\" class=\"aligncenter wp-image-5311\" data-src=\"https:\/\/www.ecolive.com\/assets\/2018\/04\/le-drive-tout-nu-concept-300x75.jpg\" data-lazy-img data-fade-in  alt=\"le-drive-tout-nu-concept\" width=\"500\" height=\"125\" data-srcset=\"https:\/\/www.ecolive.com\/assets\/2018\/04\/le-drive-tout-nu-concept-300x75.jpg 300w, https:\/\/www.ecolive.com\/assets\/2018\/04\/le-drive-tout-nu-concept-150x37.jpg 150w, https:\/\/www.ecolive.com\/assets\/2018\/04\/le-drive-tout-nu-concept-768x192.jpg 768w, https:\/\/www.ecolive.com\/assets\/2018\/04\/le-drive-tout-nu-concept-1024x256.jpg 1024w, https:\/\/www.ecolive.com\/assets\/2018\/04\/le-drive-tout-nu-concept-700x175.jpg 700w, https:\/\/www.ecolive.com\/assets\/2018\/04\/le-drive-tout-nu-concept-296x74.jpg 296w, https:\/\/www.ecolive.com\/assets\/2018\/04\/le-drive-tout-nu-concept-96x24.jpg 96w, https:\/\/www.ecolive.com\/assets\/2018\/04\/le-drive-tout-nu-concept-1281x320.jpg 1281w, https:\/\/www.ecolive.com\/assets\/2018\/04\/le-drive-tout-nu-concept-200x50.jpg 200w, https:\/\/www.ecolive.com\/assets\/2018\/04\/le-drive-tout-nu-concept-590x147.jpg 590w, https:\/\/www.ecolive.com\/assets\/2018\/04\/le-drive-tout-nu-concept-640x160.jpg 640w, https:\/\/www.ecolive.com\/assets\/2018\/04\/le-drive-tout-nu-concept.jpg 1541w\" data-sizes=\"(max-width: 500px) 100vw, 500px\" \/>\n<p>Du 12 au 26 avril, le drive tout nu vous propose de retirer vos commandes chaque jeudi de 16h30 \u00e0 19h30 au P\u00e9riscope. Le P\u00e9riscope se situe au 7 Rue Herm\u00e8s 31520 Ramonville-Saint-Agne. De plus, vous pouvez actuellement vous faire livrer chaque jeudi de 8h30 \u00e0 10h30 sur les communes suivantes\u00a0: Lab\u00e8ge, Saint-Orens, Montaudran, Ramonville, et l&rsquo;universit\u00e9 Paul Sabatier.<\/p>\n<h2>Qui sont les fondateurs du \u00ab\u00a0Drive tout nu \u00ab\u00a0?<\/h2>\n<h3>Pierre G\u00e9raud-Liria<\/h3>\n<p>Depuis 2010, Pierre est Ing\u00e9nieur Agricole. Suite \u00e0 la s\u00e9lection de son projet \u00ab\u00a0le Drive tout nu\u00a0\u00bb pour int\u00e9grer le parcours entrepreneurs de Ticket for Change, Pierre met fin \u00e0 son CDI dans la vente conseil \u00e0 l&rsquo;export pour l&rsquo;industrie agro-alimentaire. Il se lance alors dans l\u2019aventure de l\u2019entreprenariat avec son projet.<\/p>\n<h3>Salom\u00e9 G\u00e9raud<\/h3>\n<p>Dipl\u00f4m\u00e9e de Science Po Aix depuis 2013, Salom\u00e9 a notamment une exp\u00e9rience dans la gestion d\u2019\u00e9tablissement et dans la conduite de projets associatifs.<\/p>\n<p>Pour Salom\u00e9 le z\u00e9ro d\u00e9chet repr\u00e9sente \u00e0 la fois une \u00e9vidence environnementale et \u00e0 la fois un mode de consommation plus respectueux des \u00eatres humains.<\/p>\n<img decoding=\"async\" loading=\"lazy\" class=\"alignnone wp-image-5312\" data-src=\"https:\/\/www.ecolive.com\/assets\/2018\/04\/Pierre-Geraud-Liria-300x289.jpg\" data-lazy-img data-fade-in  alt=\"Pierre-Geraud-Liria\" width=\"281\" height=\"271\" data-srcset=\"https:\/\/www.ecolive.com\/assets\/2018\/04\/Pierre-Geraud-Liria-300x289.jpg 300w, https:\/\/www.ecolive.com\/assets\/2018\/04\/Pierre-Geraud-Liria-150x145.jpg 150w, https:\/\/www.ecolive.com\/assets\/2018\/04\/Pierre-Geraud-Liria-282x272.jpg 282w, https:\/\/www.ecolive.com\/assets\/2018\/04\/Pierre-Geraud-Liria-233x225.jpg 233w, https:\/\/www.ecolive.com\/assets\/2018\/04\/Pierre-Geraud-Liria-96x93.jpg 96w, https:\/\/www.ecolive.com\/assets\/2018\/04\/Pierre-Geraud-Liria-332x320.jpg 332w, https:\/\/www.ecolive.com\/assets\/2018\/04\/Pierre-Geraud-Liria-200x193.jpg 200w, https:\/\/www.ecolive.com\/assets\/2018\/04\/Pierre-Geraud-Liria.jpg 526w\" data-sizes=\"(max-width: 281px) 100vw, 281px\" \/> <img decoding=\"async\" loading=\"lazy\" class=\"alignnone wp-image-5313\" data-src=\"https:\/\/www.ecolive.com\/assets\/2018\/04\/Salome-Geraud-300x267.jpg\" data-lazy-img data-fade-in  alt=\"Salome-Geraud\" width=\"302\" height=\"269\" data-srcset=\"https:\/\/www.ecolive.com\/assets\/2018\/04\/Salome-Geraud-300x267.jpg 300w, https:\/\/www.ecolive.com\/assets\/2018\/04\/Salome-Geraud-150x133.jpg 150w, https:\/\/www.ecolive.com\/assets\/2018\/04\/Salome-Geraud-306x272.jpg 306w, https:\/\/www.ecolive.com\/assets\/2018\/04\/Salome-Geraud-253x225.jpg 253w, https:\/\/www.ecolive.com\/assets\/2018\/04\/Salome-Geraud-96x85.jpg 96w, https:\/\/www.ecolive.com\/assets\/2018\/04\/Salome-Geraud-360x320.jpg 360w, https:\/\/www.ecolive.com\/assets\/2018\/04\/Salome-Geraud-200x178.jpg 200w, https:\/\/www.ecolive.com\/assets\/2018\/04\/Salome-Geraud.jpg 468w\" data-sizes=\"(max-width: 302px) 100vw, 302px\" \/>\n<h2>Quels produits peut-on trouver sur \u00ab\u00a0le drive tout nu\u00a0\u00bb\u00a0?<\/h2>\n<p>Le Drive tout nu souhaite proposer des produits de qualit\u00e9, issus de l&rsquo;agriculture biologique ou d&rsquo;une agriculture raisonn\u00e9e. De plus, lorsque cela est possible, ils essaient de proposer des produits locaux.<\/p>\n<p>Sur le drive on retrouve 3 cat\u00e9gories de produits\u00a0: alimentaire, cosm\u00e9tiques et produits m\u00e9nagers. De plus, le site est assez bien fait puisque dans chacune de ces cat\u00e9gories vous pouvez faire une recherche selon les crit\u00e8res suivants\u00a0:<\/p>\n<ul>\n<li>bio<\/li>\n<li>origine fran\u00e7aise<\/li>\n<li>moins de 100km (pour les produits alimentaires et cosm\u00e9tiques)<\/li>\n<li>Produits revaloris\u00e9s (pour l\u2019alimentaire)<\/li>\n<li>sans gluten (pour l\u2019alimentaire)<\/li>\n<\/ul>\n<h3>Les produits alimentaires<\/h3>\n<p>Le drive propose de nombreuses marques, notamment des marques bio\u00a0:<\/p>\n<ul>\n<li>Moulin du planet<\/li>\n<li>Actibio<\/li>\n<li>Moulin des moines<\/li>\n<li>Au petit grain bio<\/li>\n<li>Biograneta<\/li>\n<li>Cafesati<\/li>\n<li>Moulin d\u2019arche<\/li>\n<li>Kamelya<\/li>\n<li>Kl\u00e9zia<\/li>\n<li>A deux pots d\u2019ici<\/li>\n<li>Gaec la vie bio<\/li>\n<li>Brasserie d\u2019olt<\/li>\n<li>Ferme Vernou<\/li>\n<li>Ferme de la Han\u00e8re<\/li>\n<\/ul>\n<p>Dans les produits bio, on retrouve principalement des p\u00e2tes, du riz, des lentilles, du sucre, de la farine, du caf\u00e9 et du th\u00e9, des boissons (limonade, jus de pomme), des biscuits, des pots de b\u00e9b\u00e9 ainsi que des rillettes et du p\u00e2t\u00e9.<\/p>\n<p>&nbsp;<\/p>\n<img decoding=\"async\" loading=\"lazy\" class=\"aligncenter wp-image-5314\" data-src=\"https:\/\/www.ecolive.com\/assets\/2018\/04\/alimentation-300x163.jpg\" data-lazy-img data-fade-in  alt=\"alimentation-le-drive-tout-nu\" width=\"500\" height=\"271\" data-srcset=\"https:\/\/www.ecolive.com\/assets\/2018\/04\/alimentation-300x163.jpg 300w, https:\/\/www.ecolive.com\/assets\/2018\/04\/alimentation-150x81.jpg 150w, https:\/\/www.ecolive.com\/assets\/2018\/04\/alimentation-768x417.jpg 768w, https:\/\/www.ecolive.com\/assets\/2018\/04\/alimentation-1024x556.jpg 1024w, https:\/\/www.ecolive.com\/assets\/2018\/04\/alimentation-501x272.jpg 501w, https:\/\/www.ecolive.com\/assets\/2018\/04\/alimentation-296x161.jpg 296w, https:\/\/www.ecolive.com\/assets\/2018\/04\/alimentation-96x52.jpg 96w, https:\/\/www.ecolive.com\/assets\/2018\/04\/alimentation-589x320.jpg 589w, https:\/\/www.ecolive.com\/assets\/2018\/04\/alimentation-200x109.jpg 200w, https:\/\/www.ecolive.com\/assets\/2018\/04\/alimentation-590x320.jpg 590w, https:\/\/www.ecolive.com\/assets\/2018\/04\/alimentation-700x380.jpg 700w, https:\/\/www.ecolive.com\/assets\/2018\/04\/alimentation-640x347.jpg 640w, https:\/\/www.ecolive.com\/assets\/2018\/04\/alimentation.jpg 1772w\" data-sizes=\"(max-width: 500px) 100vw, 500px\" \/>\n<h3>La cosm\u00e9tique<\/h3>\n<p>Le drive tout nu propose les marques suivantes :<\/p>\n<ul>\n<li>Lamazuna<\/li>\n<li>Mo\u00e9<\/li>\n<li>Marius fabre<\/li>\n<li>Pachamamai<\/li>\n<li>Cozi<\/li>\n<li>J\u2019aime mes dents<\/li>\n<\/ul>\n<p>On retrouve notamment des brosses \u00e0 dents, du dentifrices, du d\u00e9odorant, des shampoings solides et des savons pour le corps.<\/p>\n<img decoding=\"async\" loading=\"lazy\" class=\"wp-image-5316 aligncenter\" data-src=\"https:\/\/www.ecolive.com\/assets\/2018\/04\/Sans-titre-2-300x93.jpg\" data-lazy-img data-fade-in  alt=\"cosmetiques-le-drive-tout-nu\" width=\"500\" height=\"155\" data-srcset=\"https:\/\/www.ecolive.com\/assets\/2018\/04\/Sans-titre-2-300x93.jpg 300w, https:\/\/www.ecolive.com\/assets\/2018\/04\/Sans-titre-2-150x46.jpg 150w, https:\/\/www.ecolive.com\/assets\/2018\/04\/Sans-titre-2-768x238.jpg 768w, https:\/\/www.ecolive.com\/assets\/2018\/04\/Sans-titre-2-1024x317.jpg 1024w, https:\/\/www.ecolive.com\/assets\/2018\/04\/Sans-titre-2-700x217.jpg 700w, https:\/\/www.ecolive.com\/assets\/2018\/04\/Sans-titre-2-296x92.jpg 296w, https:\/\/www.ecolive.com\/assets\/2018\/04\/Sans-titre-2-96x30.jpg 96w, https:\/\/www.ecolive.com\/assets\/2018\/04\/Sans-titre-2-1034x320.jpg 1034w, https:\/\/www.ecolive.com\/assets\/2018\/04\/Sans-titre-2-200x62.jpg 200w, https:\/\/www.ecolive.com\/assets\/2018\/04\/Sans-titre-2-590x183.jpg 590w, https:\/\/www.ecolive.com\/assets\/2018\/04\/Sans-titre-2-640x198.jpg 640w, https:\/\/www.ecolive.com\/assets\/2018\/04\/Sans-titre-2.jpg 1767w\" data-sizes=\"(max-width: 500px) 100vw, 500px\" \/>\n<h3>Les produits m\u00e9nagers<\/h3>\n<p>Pour le moment, l\u2019offre de produits m\u00e9nagers est encore faible on retrouve uniquement quelques produits de la marque Bulle Verte. La marque propose des produits d\u2019entretien certifi\u00e9s Ecocert.<\/p>\n<img decoding=\"async\" loading=\"lazy\" class=\"aligncenter wp-image-5315\" data-src=\"https:\/\/www.ecolive.com\/assets\/2018\/04\/entretien-300x135.jpg\" data-lazy-img data-fade-in  alt=\"produits-menagers-le-drive-tout-nu\" width=\"500\" height=\"225\" data-srcset=\"https:\/\/www.ecolive.com\/assets\/2018\/04\/entretien-300x135.jpg 300w, https:\/\/www.ecolive.com\/assets\/2018\/04\/entretien-150x68.jpg 150w, https:\/\/www.ecolive.com\/assets\/2018\/04\/entretien-768x346.jpg 768w, https:\/\/www.ecolive.com\/assets\/2018\/04\/entretien-1024x462.jpg 1024w, https:\/\/www.ecolive.com\/assets\/2018\/04\/entretien-603x272.jpg 603w, https:\/\/www.ecolive.com\/assets\/2018\/04\/entretien-296x133.jpg 296w, https:\/\/www.ecolive.com\/assets\/2018\/04\/entretien-96x43.jpg 96w, https:\/\/www.ecolive.com\/assets\/2018\/04\/entretien-710x320.jpg 710w, https:\/\/www.ecolive.com\/assets\/2018\/04\/entretien-200x90.jpg 200w, https:\/\/www.ecolive.com\/assets\/2018\/04\/entretien-590x266.jpg 590w, https:\/\/www.ecolive.com\/assets\/2018\/04\/entretien-700x316.jpg 700w, https:\/\/www.ecolive.com\/assets\/2018\/04\/entretien-640x289.jpg 640w, https:\/\/www.ecolive.com\/assets\/2018\/04\/entretien.jpg 1213w\" data-sizes=\"(max-width: 500px) 100vw, 500px\" \/>\n<p>Alors \u00eates-vous pr\u00eat \u00e0 faire vos courses sur le drive tout nu\u00a0? Donnez-nous votre avis\u00a0!<\/p>\n<p>&nbsp;<\/p>\n<p>Corn\u00e9lia<\/p>\n<p>&nbsp;<\/p>\n","protected":false},"excerpt":{"rendered":"<p>Saviez-vous qu\u2019un Fran\u00e7ais sur trois consacre plus de temps \u00e0 faire ses courses en ligne qu\u2019\u00e0 la pr\u00e9paration des repas\u00a0? \u00a0Ces chiffres ressortent d\u2019une \u00e9tude OpinionWay r\u00e9alis\u00e9 en mai 2016 et nous montre l\u2019importance que prennent les courses en ligne dans la vie des Fran\u00e7ais. Aujourd&rsquo;hui, nous avons d\u00e9cid\u00e9 d&rsquo;\u00e9voquer [&hellip;] <a href=\"https:\/\/www.ecolive.com\/fr\/green-actu\/le-drive-tout-nu-le-premier-drive-zero-dechet\/\" class=\"more\">Read More<\/a> <a href=\"https:\/\/www.ecolive.com\/fr\/green-actu\/le-drive-tout-nu-le-premier-drive-zero-dechet\/\" class=\"more\">Read More<\/a><\/p>\n","protected":false},"author":2,"featured_media":5320,"comment_status":"closed","ping_status":"closed","sticky":false,"template":"","format":"standard","meta":{"content-type":""},"categories":[31],"tags":[],"acf":[],"yoast_head":"<!-- This site is optimized with the Yoast SEO plugin v20.13 - https:\/\/yoast.com\/wordpress\/plugins\/seo\/ -->\n<title>Le Drive tout nu, le premier drive z\u00e9ro d\u00e9chet | Blog Ecolive<\/title>\n<meta name=\"description\" content=\"Saviez-vous qu\u2019un Fran\u00e7ais sur trois consacre plus de temps \u00e0 faire ses courses en ligne qu\u2019\u00e0 la pr\u00e9paration des repas\u00a0? Aujourd&#039;hui, nous avons d\u00e9cid\u00e9 d&#039;\u00e9voquer avec vous le drive avec le concept du Drive tout nu, le premier drive z\u00e9ro d\u00e9chet.\" \/>\n<meta name=\"robots\" content=\"index, follow, max-snippet:-1, max-image-preview:large, max-video-preview:-1\" \/>\n<link rel=\"canonical\" href=\"https:\/\/www.ecolive.com\/fr\/green-actu\/le-drive-tout-nu-le-premier-drive-zero-dechet\/\" \/>\n<meta property=\"og:locale\" content=\"fr_FR\" \/>\n<meta property=\"og:type\" content=\"article\" \/>\n<meta property=\"og:title\" content=\"Le Drive tout nu, le premier drive z\u00e9ro d\u00e9chet | Blog Ecolive\" \/>\n<meta property=\"og:description\" content=\"Saviez-vous qu\u2019un Fran\u00e7ais sur trois consacre plus de temps \u00e0 faire ses courses en ligne qu\u2019\u00e0 la pr\u00e9paration des repas\u00a0? Aujourd&#039;hui, nous avons d\u00e9cid\u00e9 d&#039;\u00e9voquer avec vous le drive avec le concept du Drive tout nu, le premier drive z\u00e9ro d\u00e9chet.\" \/>\n<meta property=\"og:url\" content=\"https:\/\/www.ecolive.com\/fr\/green-actu\/le-drive-tout-nu-le-premier-drive-zero-dechet\/\" \/>\n<meta property=\"og:site_name\" content=\"Ecolive\" \/>\n<meta property=\"article:publisher\" content=\"https:\/\/www.facebook.com\/pages\/Ecolive\/202304496496615\" \/>\n<meta property=\"article:published_time\" content=\"2018-04-11T20:43:26+00:00\" \/>\n<meta property=\"og:image\" content=\"https:\/\/www.ecolive.com\/assets\/2018\/04\/le-drive-tout-nu-a-la-une.png\" \/>\n\t<meta property=\"og:image:width\" content=\"1200\" \/>\n\t<meta property=\"og:image:height\" content=\"467\" \/>\n\t<meta property=\"og:image:type\" content=\"image\/png\" \/>\n<meta name=\"author\" content=\"Ecolive\" \/>\n<meta name=\"twitter:card\" content=\"summary_large_image\" \/>\n<meta name=\"twitter:creator\" content=\"@ecolive_france\" \/>\n<meta name=\"twitter:site\" content=\"@ecolive_france\" \/>\n<meta name=\"twitter:label1\" content=\"\u00c9crit par\" \/>\n\t<meta name=\"twitter:data1\" content=\"Ecolive\" \/>\n\t<meta name=\"twitter:label2\" content=\"Dur\u00e9e de lecture estim\u00e9e\" \/>\n\t<meta name=\"twitter:data2\" content=\"3 minutes\" \/>\n<script type=\"application\/ld+json\" class=\"yoast-schema-graph\">{\"@context\":\"https:\/\/schema.org\",\"@graph\":[{\"@type\":\"WebPage\",\"@id\":\"https:\/\/www.ecolive.com\/fr\/green-actu\/le-drive-tout-nu-le-premier-drive-zero-dechet\/\",\"url\":\"https:\/\/www.ecolive.com\/fr\/green-actu\/le-drive-tout-nu-le-premier-drive-zero-dechet\/\",\"name\":\"Le Drive tout nu, le premier drive z\u00e9ro d\u00e9chet | Blog Ecolive\",\"isPartOf\":{\"@id\":\"https:\/\/www.ecolive.com\/fr\/#website\"},\"datePublished\":\"2018-04-11T20:43:26+00:00\",\"dateModified\":\"2018-04-11T20:43:26+00:00\",\"author\":{\"@id\":\"https:\/\/www.ecolive.com\/fr\/#\/schema\/person\/6c21de678cf17f7810141bbba25f2555\"},\"description\":\"Saviez-vous qu\u2019un Fran\u00e7ais sur trois consacre plus de temps \u00e0 faire ses courses en ligne qu\u2019\u00e0 la pr\u00e9paration des repas\u00a0? Aujourd'hui, nous avons d\u00e9cid\u00e9 d'\u00e9voquer avec vous le drive avec le concept du Drive tout nu, le premier drive z\u00e9ro d\u00e9chet.\",\"breadcrumb\":{\"@id\":\"https:\/\/www.ecolive.com\/fr\/green-actu\/le-drive-tout-nu-le-premier-drive-zero-dechet\/#breadcrumb\"},\"inLanguage\":\"fr-FR\",\"potentialAction\":[{\"@type\":\"ReadAction\",\"target\":[\"https:\/\/www.ecolive.com\/fr\/green-actu\/le-drive-tout-nu-le-premier-drive-zero-dechet\/\"]}]},{\"@type\":\"BreadcrumbList\",\"@id\":\"https:\/\/www.ecolive.com\/fr\/green-actu\/le-drive-tout-nu-le-premier-drive-zero-dechet\/#breadcrumb\",\"itemListElement\":[{\"@type\":\"ListItem\",\"position\":1,\"name\":\"Accueil\",\"item\":\"https:\/\/www.ecolive.com\/fr\/\"},{\"@type\":\"ListItem\",\"position\":2,\"name\":\"Le drive tout nu, le premier drive z\u00e9ro d\u00e9chet\"}]},{\"@type\":\"WebSite\",\"@id\":\"https:\/\/www.ecolive.com\/fr\/#website\",\"url\":\"https:\/\/www.ecolive.com\/fr\/\",\"name\":\"Ecolive\",\"description\":\"Chercheur de Go\u00fbt\",\"potentialAction\":[{\"@type\":\"SearchAction\",\"target\":{\"@type\":\"EntryPoint\",\"urlTemplate\":\"https:\/\/www.ecolive.com\/fr\/?s={search_term_string}\"},\"query-input\":\"required name=search_term_string\"}],\"inLanguage\":\"fr-FR\"},{\"@type\":\"Person\",\"@id\":\"https:\/\/www.ecolive.com\/fr\/#\/schema\/person\/6c21de678cf17f7810141bbba25f2555\",\"name\":\"Ecolive\",\"sameAs\":[\"https:\/\/www.ecolive.com\/\"],\"url\":\"https:\/\/www.ecolive.com\/fr\/author\/editor_ecolive\/\"}]}<\/script>\n<!-- \/ Yoast SEO plugin. -->","yoast_head_json":{"title":"Le Drive tout nu, le premier drive z\u00e9ro d\u00e9chet | Blog Ecolive","description":"Saviez-vous qu\u2019un Fran\u00e7ais sur trois consacre plus de temps \u00e0 faire ses courses en ligne qu\u2019\u00e0 la pr\u00e9paration des repas\u00a0? Aujourd'hui, nous avons d\u00e9cid\u00e9 d'\u00e9voquer avec vous le drive avec le concept du Drive tout nu, le premier drive z\u00e9ro d\u00e9chet.","robots":{"index":"index","follow":"follow","max-snippet":"max-snippet:-1","max-image-preview":"max-image-preview:large","max-video-preview":"max-video-preview:-1"},"canonical":"https:\/\/www.ecolive.com\/fr\/green-actu\/le-drive-tout-nu-le-premier-drive-zero-dechet\/","og_locale":"fr_FR","og_type":"article","og_title":"Le Drive tout nu, le premier drive z\u00e9ro d\u00e9chet | Blog Ecolive","og_description":"Saviez-vous qu\u2019un Fran\u00e7ais sur trois consacre plus de temps \u00e0 faire ses courses en ligne qu\u2019\u00e0 la pr\u00e9paration des repas\u00a0? Aujourd'hui, nous avons d\u00e9cid\u00e9 d'\u00e9voquer avec vous le drive avec le concept du Drive tout nu, le premier drive z\u00e9ro d\u00e9chet.","og_url":"https:\/\/www.ecolive.com\/fr\/green-actu\/le-drive-tout-nu-le-premier-drive-zero-dechet\/","og_site_name":"Ecolive","article_publisher":"https:\/\/www.facebook.com\/pages\/Ecolive\/202304496496615","article_published_time":"2018-04-11T20:43:26+00:00","og_image":[{"width":1200,"height":467,"url":"https:\/\/www.ecolive.com\/assets\/2018\/04\/le-drive-tout-nu-a-la-une.png","type":"image\/png"}],"author":"Ecolive","twitter_card":"summary_large_image","twitter_creator":"@ecolive_france","twitter_site":"@ecolive_france","twitter_misc":{"\u00c9crit par":"Ecolive","Dur\u00e9e de lecture estim\u00e9e":"3 minutes"},"schema":{"@context":"https:\/\/schema.org","@graph":[{"@type":"WebPage","@id":"https:\/\/www.ecolive.com\/fr\/green-actu\/le-drive-tout-nu-le-premier-drive-zero-dechet\/","url":"https:\/\/www.ecolive.com\/fr\/green-actu\/le-drive-tout-nu-le-premier-drive-zero-dechet\/","name":"Le Drive tout nu, le premier drive z\u00e9ro d\u00e9chet | Blog Ecolive","isPartOf":{"@id":"https:\/\/www.ecolive.com\/fr\/#website"},"datePublished":"2018-04-11T20:43:26+00:00","dateModified":"2018-04-11T20:43:26+00:00","author":{"@id":"https:\/\/www.ecolive.com\/fr\/#\/schema\/person\/6c21de678cf17f7810141bbba25f2555"},"description":"Saviez-vous qu\u2019un Fran\u00e7ais sur trois consacre plus de temps \u00e0 faire ses courses en ligne qu\u2019\u00e0 la pr\u00e9paration des repas\u00a0? Aujourd'hui, nous avons d\u00e9cid\u00e9 d'\u00e9voquer avec vous le drive avec le concept du Drive tout nu, le premier drive z\u00e9ro d\u00e9chet.","breadcrumb":{"@id":"https:\/\/www.ecolive.com\/fr\/green-actu\/le-drive-tout-nu-le-premier-drive-zero-dechet\/#breadcrumb"},"inLanguage":"fr-FR","potentialAction":[{"@type":"ReadAction","target":["https:\/\/www.ecolive.com\/fr\/green-actu\/le-drive-tout-nu-le-premier-drive-zero-dechet\/"]}]},{"@type":"BreadcrumbList","@id":"https:\/\/www.ecolive.com\/fr\/green-actu\/le-drive-tout-nu-le-premier-drive-zero-dechet\/#breadcrumb","itemListElement":[{"@type":"ListItem","position":1,"name":"Accueil","item":"https:\/\/www.ecolive.com\/fr\/"},{"@type":"ListItem","position":2,"name":"Le drive tout nu, le premier drive z\u00e9ro d\u00e9chet"}]},{"@type":"WebSite","@id":"https:\/\/www.ecolive.com\/fr\/#website","url":"https:\/\/www.ecolive.com\/fr\/","name":"Ecolive","description":"Chercheur de Go\u00fbt","potentialAction":[{"@type":"SearchAction","target":{"@type":"EntryPoint","urlTemplate":"https:\/\/www.ecolive.com\/fr\/?s={search_term_string}"},"query-input":"required name=search_term_string"}],"inLanguage":"fr-FR"},{"@type":"Person","@id":"https:\/\/www.ecolive.com\/fr\/#\/schema\/person\/6c21de678cf17f7810141bbba25f2555","name":"Ecolive","sameAs":["https:\/\/www.ecolive.com\/"],"url":"https:\/\/www.ecolive.com\/fr\/author\/editor_ecolive\/"}]}},"_links":{"self":[{"href":"https:\/\/www.ecolive.com\/fr\/wp-json\/wp\/v2\/posts\/5309"}],"collection":[{"href":"https:\/\/www.ecolive.com\/fr\/wp-json\/wp\/v2\/posts"}],"about":[{"href":"https:\/\/www.ecolive.com\/fr\/wp-json\/wp\/v2\/types\/post"}],"author":[{"embeddable":true,"href":"https:\/\/www.ecolive.com\/fr\/wp-json\/wp\/v2\/users\/2"}],"replies":[{"embeddable":true,"href":"https:\/\/www.ecolive.com\/fr\/wp-json\/wp\/v2\/comments?post=5309"}],"version-history":[{"count":3,"href":"https:\/\/www.ecolive.com\/fr\/wp-json\/wp\/v2\/posts\/5309\/revisions"}],"predecessor-version":[{"id":5321,"href":"https:\/\/www.ecolive.com\/fr\/wp-json\/wp\/v2\/posts\/5309\/revisions\/5321"}],"wp:featuredmedia":[{"embeddable":true,"href":"https:\/\/www.ecolive.com\/fr\/wp-json\/wp\/v2\/media\/5320"}],"wp:attachment":[{"href":"https:\/\/www.ecolive.com\/fr\/wp-json\/wp\/v2\/media?parent=5309"}],"wp:term":[{"taxonomy":"category","embeddable":true,"href":"https:\/\/www.ecolive.com\/fr\/wp-json\/wp\/v2\/categories?post=5309"},{"taxonomy":"post_tag","embeddable":true,"href":"https:\/\/www.ecolive.com\/fr\/wp-json\/wp\/v2\/tags?post=5309"}],"curies":[{"name":"wp","href":"https:\/\/api.w.org\/{rel}","templated":true}]}}