{"id":4980,"date":"2018-02-24T15:32:58","date_gmt":"2018-02-24T14:32:58","guid":{"rendered":"http:\/\/www.ecolive.com\/?p=4980\/"},"modified":"2018-02-24T15:32:58","modified_gmt":"2018-02-24T14:32:58","slug":"slow-design-decoration-eco-ethique","status":"publish","type":"post","link":"https:\/\/www.ecolive.com\/fr\/green-actu\/slow-design-decoration-eco-ethique\/","title":{"rendered":"Slow Design, la d\u00e9coration \u00e9co-\u00e9thique\u00a0?"},"content":{"rendered":"<p>Nous avons d\u00e9j\u00e0 parl\u00e9 du <a href=\"https:\/\/www.ecolive.com\/fr\/green-actu\/le-mouvement-slow-food\/\">Slow Food<\/a>, il y a maintenant plusieurs mois. Aujourd\u2019hui nous nous int\u00e9ressons au Slow Design\u00a0? Si vous \u00eates passionn\u00e9s de d\u00e9coration et que vous suivez les nouvelles tendances, ce terme ne doit pas vous \u00eatre inconnu. Pour en savoir davantage sur cette tendance, d\u00e9couvrez notre article<\/p>\n<h2>Qu\u2019est-ce que le slow design\u00a0?<\/h2>\n<p>Ce concept r\u00e9sulte du Slow Mouvement, qui se d\u00e9cline sous plusieurs formes\u00a0: Slow Food, Slow Life\u2026 Le Slow Mouvement est apparu dans les ann\u00e9es 2000 et se d\u00e9veloppe de plus en plus dans la d\u00e9coration et le design.<\/p>\n<p>C\u2019est en 2002, que le terme Slow Design serait apparu pour la premi\u00e8re fois, suite \u00e0 un article r\u00e9dig\u00e9 par Alastair Fuad-Luke \u00ab\u00a0Slow Design \u2013 Un paradigme pour vivre de mani\u00e8re durable\u00a0\u00bb. Le Slow Design est une nouvelle fa\u00e7on de penser sa d\u00e9coration et le design sous un nouvel angle.<\/p>\n<img decoding=\"async\" loading=\"lazy\" class=\"aligncenter wp-image-4985\" data-src=\"https:\/\/www.ecolive.com\/assets\/2018\/02\/alastair-fuad-luke-300x136.jpg\" data-lazy-img data-fade-in  alt=\"alistair-fuad-luke\" width=\"400\" height=\"181\" data-srcset=\"https:\/\/www.ecolive.com\/assets\/2018\/02\/alastair-fuad-luke-300x136.jpg 300w, https:\/\/www.ecolive.com\/assets\/2018\/02\/alastair-fuad-luke-150x68.jpg 150w, https:\/\/www.ecolive.com\/assets\/2018\/02\/alastair-fuad-luke-296x134.jpg 296w, https:\/\/www.ecolive.com\/assets\/2018\/02\/alastair-fuad-luke-96x43.jpg 96w, https:\/\/www.ecolive.com\/assets\/2018\/02\/alastair-fuad-luke-200x90.jpg 200w, https:\/\/www.ecolive.com\/assets\/2018\/02\/alastair-fuad-luke.jpg 334w\" data-sizes=\"(max-width: 400px) 100vw, 400px\" \/>\n<p style=\"text-align: center;\"><em> Alastair Fuad-Luke<\/em><\/p>\n<p>Le principe est de nous faire r\u00e9fl\u00e9chir \u00e0 la soci\u00e9t\u00e9 de surconsommation actuelle et nos modes de vie. Les grandes enseignes industrielles nous invitent \u00e0 consommer plus, afin d\u2019avoir une d\u00e9coration \u00e0 la pointe de la tendance. Suite \u00e0 ce constat, des designers se sont mobilis\u00e9 pour changer nos modes de consommation. Ces designers contemporains adeptes du Slow Design croient et se basent sur le principe de d\u00e9veloppement durable (fabrication moins polluante, recyclage, r\u00e9alisation artisanale.). Le Slow d\u00e9signer ne souhaite pas avoir seulement un produit beau et \u00e9cologique, il souhaite que son produit ne soit pas produit de mani\u00e8re n\u00e9faste pour l\u2019homme.<\/p>\n<p>Un produit issu du Slow Design doit dans un premier temps r\u00e9pondre aux besoins des individus. Dans un second temps, il doit respecter l\u2019environnement (produit durable et sans impact n\u00e9gatif pour l\u2019environnement). Enfin, le produit doit \u00eatre positif pour la soci\u00e9t\u00e9, \u00e9thique. L\u2019objectif principal du mouvement est alors de promouvoir le bien-\u00eatre des individus, de l\u2019environnement et de la soci\u00e9t\u00e9.<\/p>\n<h2>Quelles sont les valeurs du Slow Design\u00a0?<\/h2>\n<p>Ce mouvement va plus loin que l\u2019\u00e9co-design. En effet, il se veut respecter la nature et les hommes, tout en cr\u00e9ant des objets et meubles contemporain esth\u00e9tique et pratiques, poss\u00e8dent plusieurs valeurs qui sont les suivantes\u00a0:<\/p>\n<ul>\n<li>Valorisation de <strong>cr\u00e9ations artisanales<\/strong> et de techniques traditionnelles<\/li>\n<li>Cr\u00e9ations d\u2019objets\/meubles uniques ou en <strong>\u00e9dition limit\u00e9e<\/strong> (contrairement aux grosses enseignes industrielles)<\/li>\n<li>Structures et \u00e9laborations simples<\/li>\n<li>Utilisation de\u00a0<strong>mat\u00e9riaux recycl\u00e9s\u00a0<\/strong>et du surcyclage (utilisation de mat\u00e9riaux ou objets dont on n&rsquo;a plus l&rsquo;usage, dans le but de les transformer en objets\/ meubles de qualit\u00e9 )<\/li>\n<li>Fabrication avec des mat\u00e9riaux encourageant le\u00a0<strong>d\u00e9veloppement durable<\/strong>.<\/li>\n<\/ul>\n<p>En conclusion, les produits issus du Slow Design sont uniques, artistiques et fabriqu\u00e9s artisanalement avec des mat\u00e9riaux recycl\u00e9s ou r\u00e9cup\u00e9r\u00e9s. Certains designers sont aujourd\u2019hui encore r\u00e9ticents et restent tr\u00e8s souvent les fabricants des objets industriels, que nous observons actuellement dans notre soci\u00e9t\u00e9. N\u00e9anmoins, d\u2019autres sont de v\u00e9ritable sp\u00e9cialiste de ce mouvement.<\/p>\n<h2>Des designers adeptes du slow Design<\/h2>\n<ul>\n<li>Piet Hein Eek: r\u00e9cup\u00e8re des mat\u00e9riaux inutilis\u00e9s (bois, acier) et fabrique du mobilier 100% \u00e9colo<\/li>\n<li>Nina Raeber\u00a0: fondatrice coll.part. elle transforme les sacs de riz en cr\u00e9ation originale (beauty case\/ caddie\u2026.)<\/li>\n<\/ul>\n<img decoding=\"async\" loading=\"lazy\" class=\"size-medium wp-image-4982 aligncenter\" data-src=\"https:\/\/www.ecolive.com\/assets\/2018\/02\/sac-slowdesign-229x300.jpg\" data-lazy-img data-fade-in  alt=\"sac-slowdesign\" width=\"229\" height=\"300\" data-srcset=\"https:\/\/www.ecolive.com\/assets\/2018\/02\/sac-slowdesign-229x300.jpg 229w, https:\/\/www.ecolive.com\/assets\/2018\/02\/sac-slowdesign-114x150.jpg 114w, https:\/\/www.ecolive.com\/assets\/2018\/02\/sac-slowdesign-207x272.jpg 207w, https:\/\/www.ecolive.com\/assets\/2018\/02\/sac-slowdesign-171x225.jpg 171w, https:\/\/www.ecolive.com\/assets\/2018\/02\/sac-slowdesign-96x126.jpg 96w, https:\/\/www.ecolive.com\/assets\/2018\/02\/sac-slowdesign-244x320.jpg 244w, https:\/\/www.ecolive.com\/assets\/2018\/02\/sac-slowdesign-200x263.jpg 200w, https:\/\/www.ecolive.com\/assets\/2018\/02\/sac-slowdesign.jpg 320w\" data-sizes=\"(max-width: 229px) 100vw, 229px\" \/>\n<ul>\n<li>Les 5.5 designers: 3 jeunes designers qui recyclent les objets du quotidien<\/li>\n<li>Cigu\u00eb<\/li>\n<\/ul>\n<img decoding=\"async\" loading=\"lazy\" class=\"aligncenter wp-image-4983\" data-src=\"https:\/\/www.ecolive.com\/assets\/2018\/02\/table-slowdesign-300x200.jpg\" data-lazy-img data-fade-in  alt=\"table-slow-design\" width=\"400\" height=\"267\" data-srcset=\"https:\/\/www.ecolive.com\/assets\/2018\/02\/table-slowdesign-300x200.jpg 300w, https:\/\/www.ecolive.com\/assets\/2018\/02\/table-slowdesign-150x100.jpg 150w, https:\/\/www.ecolive.com\/assets\/2018\/02\/table-slowdesign-768x512.jpg 768w, https:\/\/www.ecolive.com\/assets\/2018\/02\/table-slowdesign-1024x683.jpg 1024w, https:\/\/www.ecolive.com\/assets\/2018\/02\/table-slowdesign-408x272.jpg 408w, https:\/\/www.ecolive.com\/assets\/2018\/02\/table-slowdesign-296x197.jpg 296w, https:\/\/www.ecolive.com\/assets\/2018\/02\/table-slowdesign-96x64.jpg 96w, https:\/\/www.ecolive.com\/assets\/2018\/02\/table-slowdesign-480x320.jpg 480w, https:\/\/www.ecolive.com\/assets\/2018\/02\/table-slowdesign-200x133.jpg 200w, https:\/\/www.ecolive.com\/assets\/2018\/02\/table-slowdesign-590x393.jpg 590w, https:\/\/www.ecolive.com\/assets\/2018\/02\/table-slowdesign-700x467.jpg 700w, https:\/\/www.ecolive.com\/assets\/2018\/02\/table-slowdesign-640x427.jpg 640w, https:\/\/www.ecolive.com\/assets\/2018\/02\/table-slowdesign.jpg 1600w\" data-sizes=\"(max-width: 400px) 100vw, 400px\" \/>\n<p style=\"text-align: center;\"><em>table en palox (caisse agricole) r\u00e9alis\u00e9 par Cigu\u00eb<\/em><\/p>\n<ul>\n<li>Siren Elise Whihemson avec la \u201d 365 Knitting Clock \u201c. Cet objet permet de tricoter une \u00e9charpe. Chaque jour un nouveau rang est r\u00e9alis\u00e9. Un an plus tard, une \u00e9charpe de 2 m\u00e8tres a \u00e9t\u00e9 r\u00e9alis\u00e9e.<\/li>\n<\/ul>\n<img decoding=\"async\" loading=\"lazy\" class=\"aligncenter wp-image-4984\" data-src=\"https:\/\/www.ecolive.com\/assets\/2018\/02\/echarpe-slowdesign-207x300.jpg\" data-lazy-img data-fade-in  alt=\"echarpe-slow-design\" width=\"300\" height=\"436\" data-srcset=\"https:\/\/www.ecolive.com\/assets\/2018\/02\/echarpe-slowdesign-207x300.jpg 207w, https:\/\/www.ecolive.com\/assets\/2018\/02\/echarpe-slowdesign-103x150.jpg 103w, https:\/\/www.ecolive.com\/assets\/2018\/02\/echarpe-slowdesign-705x1024.jpg 705w, https:\/\/www.ecolive.com\/assets\/2018\/02\/echarpe-slowdesign-187x272.jpg 187w, https:\/\/www.ecolive.com\/assets\/2018\/02\/echarpe-slowdesign-155x225.jpg 155w, https:\/\/www.ecolive.com\/assets\/2018\/02\/echarpe-slowdesign-96x139.jpg 96w, https:\/\/www.ecolive.com\/assets\/2018\/02\/echarpe-slowdesign-220x320.jpg 220w, https:\/\/www.ecolive.com\/assets\/2018\/02\/echarpe-slowdesign-200x290.jpg 200w, https:\/\/www.ecolive.com\/assets\/2018\/02\/echarpe-slowdesign-590x857.jpg 590w, https:\/\/www.ecolive.com\/assets\/2018\/02\/echarpe-slowdesign-700x1016.jpg 700w, https:\/\/www.ecolive.com\/assets\/2018\/02\/echarpe-slowdesign-640x929.jpg 640w, https:\/\/www.ecolive.com\/assets\/2018\/02\/echarpe-slowdesign.jpg 750w\" data-sizes=\"(max-width: 300px) 100vw, 300px\" \/>\n<p>&nbsp;<\/p>\n<h2>Les objets Slow Design sont-ils accessibles par tous ?<\/h2>\n<p>Comme vous vous en doutez, les produits uniques cr\u00e9\u00e9es par les designers vues comme de v\u00e9ritables \u0153uvres d\u2019art (et destin\u00e9es au mus\u00e9e) sont chers, et particuli\u00e8rement ceux issus du Slow Design. N\u00e9anmoins, les designers r\u00e9alisent souvent des pi\u00e8ces \u00e0 prix abordable. Si vous avez un budget compris entre 150 et 300 euros, vous pourrez d\u00e9j\u00e0 obtenir une belle pi\u00e8ce.<\/p>\n<p>De plus, pour les plus courageux et les plus inspir\u00e9es d\u2019entre vous pourquoi ne pas r\u00e9aliser vos objets ou meubles vous-m\u00eame\u00a0? Chez Ecolive, nous avons d\u00e9j\u00e0 de nombreuses id\u00e9es de pi\u00e8ce originale \u00e0 cr\u00e9er soi-m\u00eame. Pourquoi ne pas cr\u00e9er sa propre biblioth\u00e8que ? ou sa propre table basse\u00a0?<\/p>\n<img decoding=\"async\" loading=\"lazy\" class=\"aligncenter wp-image-4987\" data-src=\"https:\/\/www.ecolive.com\/assets\/2018\/02\/bibliotheque-300x200.jpg\" data-lazy-img data-fade-in  alt=\"bibliotheque\" width=\"400\" height=\"267\" data-srcset=\"https:\/\/www.ecolive.com\/assets\/2018\/02\/bibliotheque-300x200.jpg 300w, https:\/\/www.ecolive.com\/assets\/2018\/02\/bibliotheque-150x100.jpg 150w, https:\/\/www.ecolive.com\/assets\/2018\/02\/bibliotheque-408x272.jpg 408w, https:\/\/www.ecolive.com\/assets\/2018\/02\/bibliotheque-296x197.jpg 296w, https:\/\/www.ecolive.com\/assets\/2018\/02\/bibliotheque-96x64.jpg 96w, https:\/\/www.ecolive.com\/assets\/2018\/02\/bibliotheque-480x320.jpg 480w, https:\/\/www.ecolive.com\/assets\/2018\/02\/bibliotheque-200x133.jpg 200w, https:\/\/www.ecolive.com\/assets\/2018\/02\/bibliotheque-590x393.jpg 590w, https:\/\/www.ecolive.com\/assets\/2018\/02\/bibliotheque-700x467.jpg 700w, https:\/\/www.ecolive.com\/assets\/2018\/02\/bibliotheque-640x427.jpg 640w, https:\/\/www.ecolive.com\/assets\/2018\/02\/bibliotheque.jpg 750w\" data-sizes=\"(max-width: 400px) 100vw, 400px\" \/>\n<p>Actuellement, le Slow Design semble s\u2019inscrire progressivement et surtout correspondre au mode de vie, des Occidentaux, qui \u00e9volue. En effet, nous remarquons, qu\u2019une part de la population souhaite retourner aux choses simples, et devient exigeante \u00e0 la qualit\u00e9 et le bien-\u00eatre au d\u00e9triment m\u00eame du superficiel et du mat\u00e9rialisme. Enfin, Alastair Fuad-Luke s\u2019est concentr\u00e9 sur la conception des produits physiques, cependant nous pouvons appliquer ce mouvement \u00e0 la conception de choses immat\u00e9rielles, comme des processus, services, ou organisation. Nous vous laissons r\u00e9fl\u00e9chir sur ce sujet.<\/p>\n<p>&nbsp;<\/p>\n<p>Corn\u00e9lia<\/p>\n<p>&nbsp;<\/p>\n<p>&nbsp;<\/p>\n<p>&nbsp;<\/p>\n<p>&nbsp;<\/p>\n","protected":false},"excerpt":{"rendered":"<p>Nous avons d\u00e9j\u00e0 parl\u00e9 du Slow Food, il y a maintenant plusieurs mois. Aujourd\u2019hui nous nous int\u00e9ressons au Slow Design\u00a0? Si vous \u00eates passionn\u00e9s de d\u00e9coration et que vous suivez les nouvelles tendances, ce terme ne doit pas vous \u00eatre inconnu. Pour en savoir davantage sur cette tendance, d\u00e9couvrez notre [&hellip;] <a href=\"https:\/\/www.ecolive.com\/fr\/green-actu\/slow-design-decoration-eco-ethique\/\" class=\"more\">Read More<\/a> <a href=\"https:\/\/www.ecolive.com\/fr\/green-actu\/slow-design-decoration-eco-ethique\/\" class=\"more\">Read More<\/a><\/p>\n","protected":false},"author":2,"featured_media":4988,"comment_status":"closed","ping_status":"closed","sticky":false,"template":"","format":"standard","meta":{"content-type":""},"categories":[31],"tags":[],"acf":[],"yoast_head":"<!-- This site is optimized with the Yoast SEO plugin v20.13 - https:\/\/yoast.com\/wordpress\/plugins\/seo\/ -->\n<title>Slow Design, la d\u00e9coration \u00e9co-\u00e9thique\u00a0? | Blog Ecolive<\/title>\n<meta name=\"description\" content=\"\u00a0Nous avons d\u00e9j\u00e0 parl\u00e9 du Slow Food, il y a maintenant plusieurs mois. Aujourd\u2019hui nous nous int\u00e9ressons au Slow Design\u00a0? Si vous \u00eates passionn\u00e9s de d\u00e9coration et que vous suivez les nouvelles tendances, ce terme ne doit pas vous \u00eatre inconnu. Pour en savoir davantage sur cette tendance, d\u00e9couvrez notre article\" \/>\n<meta name=\"robots\" content=\"index, follow, max-snippet:-1, max-image-preview:large, max-video-preview:-1\" \/>\n<link rel=\"canonical\" href=\"https:\/\/www.ecolive.com\/fr\/green-actu\/slow-design-decoration-eco-ethique\/\" \/>\n<meta property=\"og:locale\" content=\"fr_FR\" \/>\n<meta property=\"og:type\" content=\"article\" \/>\n<meta property=\"og:title\" content=\"Slow Design, la d\u00e9coration \u00e9co-\u00e9thique\u00a0? | Blog Ecolive\" \/>\n<meta property=\"og:description\" content=\"\u00a0Nous avons d\u00e9j\u00e0 parl\u00e9 du Slow Food, il y a maintenant plusieurs mois. Aujourd\u2019hui nous nous int\u00e9ressons au Slow Design\u00a0? Si vous \u00eates passionn\u00e9s de d\u00e9coration et que vous suivez les nouvelles tendances, ce terme ne doit pas vous \u00eatre inconnu. Pour en savoir davantage sur cette tendance, d\u00e9couvrez notre article\" \/>\n<meta property=\"og:url\" content=\"https:\/\/www.ecolive.com\/fr\/green-actu\/slow-design-decoration-eco-ethique\/\" \/>\n<meta property=\"og:site_name\" content=\"Ecolive\" \/>\n<meta property=\"article:publisher\" content=\"https:\/\/www.facebook.com\/pages\/Ecolive\/202304496496615\" \/>\n<meta property=\"article:published_time\" content=\"2018-02-24T14:32:58+00:00\" \/>\n<meta property=\"og:image\" content=\"https:\/\/www.ecolive.com\/assets\/2018\/02\/slow-design-a-la-une.jpg\" \/>\n\t<meta property=\"og:image:width\" content=\"1249\" \/>\n\t<meta property=\"og:image:height\" content=\"466\" \/>\n\t<meta property=\"og:image:type\" content=\"image\/jpeg\" \/>\n<meta name=\"author\" content=\"Ecolive\" \/>\n<meta name=\"twitter:card\" content=\"summary_large_image\" \/>\n<meta name=\"twitter:creator\" content=\"@ecolive_france\" \/>\n<meta name=\"twitter:site\" content=\"@ecolive_france\" \/>\n<meta name=\"twitter:label1\" content=\"\u00c9crit par\" \/>\n\t<meta name=\"twitter:data1\" content=\"Ecolive\" \/>\n\t<meta name=\"twitter:label2\" content=\"Dur\u00e9e de lecture estim\u00e9e\" \/>\n\t<meta name=\"twitter:data2\" content=\"4 minutes\" \/>\n<script type=\"application\/ld+json\" class=\"yoast-schema-graph\">{\"@context\":\"https:\/\/schema.org\",\"@graph\":[{\"@type\":\"WebPage\",\"@id\":\"https:\/\/www.ecolive.com\/fr\/green-actu\/slow-design-decoration-eco-ethique\/\",\"url\":\"https:\/\/www.ecolive.com\/fr\/green-actu\/slow-design-decoration-eco-ethique\/\",\"name\":\"Slow Design, la d\u00e9coration \u00e9co-\u00e9thique\u00a0? | Blog Ecolive\",\"isPartOf\":{\"@id\":\"https:\/\/www.ecolive.com\/fr\/#website\"},\"datePublished\":\"2018-02-24T14:32:58+00:00\",\"dateModified\":\"2018-02-24T14:32:58+00:00\",\"author\":{\"@id\":\"https:\/\/www.ecolive.com\/fr\/#\/schema\/person\/6c21de678cf17f7810141bbba25f2555\"},\"description\":\"\u00a0Nous avons d\u00e9j\u00e0 parl\u00e9 du Slow Food, il y a maintenant plusieurs mois. Aujourd\u2019hui nous nous int\u00e9ressons au Slow Design\u00a0? Si vous \u00eates passionn\u00e9s de d\u00e9coration et que vous suivez les nouvelles tendances, ce terme ne doit pas vous \u00eatre inconnu. Pour en savoir davantage sur cette tendance, d\u00e9couvrez notre article\",\"breadcrumb\":{\"@id\":\"https:\/\/www.ecolive.com\/fr\/green-actu\/slow-design-decoration-eco-ethique\/#breadcrumb\"},\"inLanguage\":\"fr-FR\",\"potentialAction\":[{\"@type\":\"ReadAction\",\"target\":[\"https:\/\/www.ecolive.com\/fr\/green-actu\/slow-design-decoration-eco-ethique\/\"]}]},{\"@type\":\"BreadcrumbList\",\"@id\":\"https:\/\/www.ecolive.com\/fr\/green-actu\/slow-design-decoration-eco-ethique\/#breadcrumb\",\"itemListElement\":[{\"@type\":\"ListItem\",\"position\":1,\"name\":\"Accueil\",\"item\":\"https:\/\/www.ecolive.com\/fr\/\"},{\"@type\":\"ListItem\",\"position\":2,\"name\":\"Slow Design, la d\u00e9coration \u00e9co-\u00e9thique\u00a0?\"}]},{\"@type\":\"WebSite\",\"@id\":\"https:\/\/www.ecolive.com\/fr\/#website\",\"url\":\"https:\/\/www.ecolive.com\/fr\/\",\"name\":\"Ecolive\",\"description\":\"Chercheur de Go\u00fbt\",\"potentialAction\":[{\"@type\":\"SearchAction\",\"target\":{\"@type\":\"EntryPoint\",\"urlTemplate\":\"https:\/\/www.ecolive.com\/fr\/?s={search_term_string}\"},\"query-input\":\"required name=search_term_string\"}],\"inLanguage\":\"fr-FR\"},{\"@type\":\"Person\",\"@id\":\"https:\/\/www.ecolive.com\/fr\/#\/schema\/person\/6c21de678cf17f7810141bbba25f2555\",\"name\":\"Ecolive\",\"sameAs\":[\"https:\/\/www.ecolive.com\/\"],\"url\":\"https:\/\/www.ecolive.com\/fr\/author\/editor_ecolive\/\"}]}<\/script>\n<!-- \/ Yoast SEO plugin. -->","yoast_head_json":{"title":"Slow Design, la d\u00e9coration \u00e9co-\u00e9thique\u00a0? | Blog Ecolive","description":"\u00a0Nous avons d\u00e9j\u00e0 parl\u00e9 du Slow Food, il y a maintenant plusieurs mois. Aujourd\u2019hui nous nous int\u00e9ressons au Slow Design\u00a0? Si vous \u00eates passionn\u00e9s de d\u00e9coration et que vous suivez les nouvelles tendances, ce terme ne doit pas vous \u00eatre inconnu. Pour en savoir davantage sur cette tendance, d\u00e9couvrez notre article","robots":{"index":"index","follow":"follow","max-snippet":"max-snippet:-1","max-image-preview":"max-image-preview:large","max-video-preview":"max-video-preview:-1"},"canonical":"https:\/\/www.ecolive.com\/fr\/green-actu\/slow-design-decoration-eco-ethique\/","og_locale":"fr_FR","og_type":"article","og_title":"Slow Design, la d\u00e9coration \u00e9co-\u00e9thique\u00a0? | Blog Ecolive","og_description":"\u00a0Nous avons d\u00e9j\u00e0 parl\u00e9 du Slow Food, il y a maintenant plusieurs mois. Aujourd\u2019hui nous nous int\u00e9ressons au Slow Design\u00a0? Si vous \u00eates passionn\u00e9s de d\u00e9coration et que vous suivez les nouvelles tendances, ce terme ne doit pas vous \u00eatre inconnu. Pour en savoir davantage sur cette tendance, d\u00e9couvrez notre article","og_url":"https:\/\/www.ecolive.com\/fr\/green-actu\/slow-design-decoration-eco-ethique\/","og_site_name":"Ecolive","article_publisher":"https:\/\/www.facebook.com\/pages\/Ecolive\/202304496496615","article_published_time":"2018-02-24T14:32:58+00:00","og_image":[{"width":1249,"height":466,"url":"https:\/\/www.ecolive.com\/assets\/2018\/02\/slow-design-a-la-une.jpg","type":"image\/jpeg"}],"author":"Ecolive","twitter_card":"summary_large_image","twitter_creator":"@ecolive_france","twitter_site":"@ecolive_france","twitter_misc":{"\u00c9crit par":"Ecolive","Dur\u00e9e de lecture estim\u00e9e":"4 minutes"},"schema":{"@context":"https:\/\/schema.org","@graph":[{"@type":"WebPage","@id":"https:\/\/www.ecolive.com\/fr\/green-actu\/slow-design-decoration-eco-ethique\/","url":"https:\/\/www.ecolive.com\/fr\/green-actu\/slow-design-decoration-eco-ethique\/","name":"Slow Design, la d\u00e9coration \u00e9co-\u00e9thique\u00a0? | Blog Ecolive","isPartOf":{"@id":"https:\/\/www.ecolive.com\/fr\/#website"},"datePublished":"2018-02-24T14:32:58+00:00","dateModified":"2018-02-24T14:32:58+00:00","author":{"@id":"https:\/\/www.ecolive.com\/fr\/#\/schema\/person\/6c21de678cf17f7810141bbba25f2555"},"description":"\u00a0Nous avons d\u00e9j\u00e0 parl\u00e9 du Slow Food, il y a maintenant plusieurs mois. Aujourd\u2019hui nous nous int\u00e9ressons au Slow Design\u00a0? Si vous \u00eates passionn\u00e9s de d\u00e9coration et que vous suivez les nouvelles tendances, ce terme ne doit pas vous \u00eatre inconnu. Pour en savoir davantage sur cette tendance, d\u00e9couvrez notre article","breadcrumb":{"@id":"https:\/\/www.ecolive.com\/fr\/green-actu\/slow-design-decoration-eco-ethique\/#breadcrumb"},"inLanguage":"fr-FR","potentialAction":[{"@type":"ReadAction","target":["https:\/\/www.ecolive.com\/fr\/green-actu\/slow-design-decoration-eco-ethique\/"]}]},{"@type":"BreadcrumbList","@id":"https:\/\/www.ecolive.com\/fr\/green-actu\/slow-design-decoration-eco-ethique\/#breadcrumb","itemListElement":[{"@type":"ListItem","position":1,"name":"Accueil","item":"https:\/\/www.ecolive.com\/fr\/"},{"@type":"ListItem","position":2,"name":"Slow Design, la d\u00e9coration \u00e9co-\u00e9thique\u00a0?"}]},{"@type":"WebSite","@id":"https:\/\/www.ecolive.com\/fr\/#website","url":"https:\/\/www.ecolive.com\/fr\/","name":"Ecolive","description":"Chercheur de Go\u00fbt","potentialAction":[{"@type":"SearchAction","target":{"@type":"EntryPoint","urlTemplate":"https:\/\/www.ecolive.com\/fr\/?s={search_term_string}"},"query-input":"required name=search_term_string"}],"inLanguage":"fr-FR"},{"@type":"Person","@id":"https:\/\/www.ecolive.com\/fr\/#\/schema\/person\/6c21de678cf17f7810141bbba25f2555","name":"Ecolive","sameAs":["https:\/\/www.ecolive.com\/"],"url":"https:\/\/www.ecolive.com\/fr\/author\/editor_ecolive\/"}]}},"_links":{"self":[{"href":"https:\/\/www.ecolive.com\/fr\/wp-json\/wp\/v2\/posts\/4980"}],"collection":[{"href":"https:\/\/www.ecolive.com\/fr\/wp-json\/wp\/v2\/posts"}],"about":[{"href":"https:\/\/www.ecolive.com\/fr\/wp-json\/wp\/v2\/types\/post"}],"author":[{"embeddable":true,"href":"https:\/\/www.ecolive.com\/fr\/wp-json\/wp\/v2\/users\/2"}],"replies":[{"embeddable":true,"href":"https:\/\/www.ecolive.com\/fr\/wp-json\/wp\/v2\/comments?post=4980"}],"version-history":[{"count":3,"href":"https:\/\/www.ecolive.com\/fr\/wp-json\/wp\/v2\/posts\/4980\/revisions"}],"predecessor-version":[{"id":4991,"href":"https:\/\/www.ecolive.com\/fr\/wp-json\/wp\/v2\/posts\/4980\/revisions\/4991"}],"wp:featuredmedia":[{"embeddable":true,"href":"https:\/\/www.ecolive.com\/fr\/wp-json\/wp\/v2\/media\/4988"}],"wp:attachment":[{"href":"https:\/\/www.ecolive.com\/fr\/wp-json\/wp\/v2\/media?parent=4980"}],"wp:term":[{"taxonomy":"category","embeddable":true,"href":"https:\/\/www.ecolive.com\/fr\/wp-json\/wp\/v2\/categories?post=4980"},{"taxonomy":"post_tag","embeddable":true,"href":"https:\/\/www.ecolive.com\/fr\/wp-json\/wp\/v2\/tags?post=4980"}],"curies":[{"name":"wp","href":"https:\/\/api.w.org\/{rel}","templated":true}]}}