{"id":4648,"date":"2018-01-23T21:08:33","date_gmt":"2018-01-23T20:08:33","guid":{"rendered":"http:\/\/www.ecolive.com\/?p=4648\/"},"modified":"2018-01-23T21:08:33","modified_gmt":"2018-01-23T20:08:33","slug":"comment-bien-faire-le-tri-de-nos-dechets","status":"publish","type":"post","link":"https:\/\/www.ecolive.com\/fr\/green-actu\/comment-bien-faire-le-tri-de-nos-dechets\/","title":{"rendered":"Comment bien faire le tri de nos d\u00e9chets ?"},"content":{"rendered":"<p>Le recyclage est un enjeu \u00e0 ne pas n\u00e9gliger pour les populations futures. En France, le recyclage est un enjeu de soci\u00e9t\u00e9 qui commence dans notre poubelle. En 2014, chaque habitant fran\u00e7ais produisait en moyenne 511 kg de d\u00e9chets, par an. Des d\u00e9chets m\u00e9nagers, mais aussi v\u00e9g\u00e9taux ou encore toxiques dont on ne sait pas forc\u00e9ment quoi faire. D\u00e9couvrez, comment les trier\u00a0!<\/p>\n<h2>Le guide du tri s\u00e9lectif<\/h2>\n<p>Pour permettre le recyclage, il faut trier ses d\u00e9chets et ne pas les m\u00e9langer. Il est important de bien trier puisqu\u2019un mauvais tri peut \u00eatre refus\u00e9 par le centre de traitement.<\/p>\n<p>Les d\u00e9chets doivent \u00eatre tri\u00e9s par famille et d\u00e9pos\u00e9s dans des poubelles ad\u00e9quates ou transport\u00e9s \u00e0 la d\u00e9chetterie.<\/p>\n<h3>Les diff\u00e9rentes familles de d\u00e9chets<\/h3>\n<p>Pour faire le tri correctement, il est important de trier ses d\u00e9chets par famille :<\/p>\n<ul>\n<li>Le plastique<img decoding=\"async\" loading=\"lazy\" class=\"alignright wp-image-4654\" data-src=\"https:\/\/www.ecolive.com\/assets\/2018\/01\/annie-spratt-102801-1-300x213.jpg\" data-lazy-img data-fade-in  alt=\"dechets\" width=\"400\" height=\"284\" data-srcset=\"https:\/\/www.ecolive.com\/assets\/2018\/01\/annie-spratt-102801-1-300x213.jpg 300w, https:\/\/www.ecolive.com\/assets\/2018\/01\/annie-spratt-102801-1-150x106.jpg 150w, https:\/\/www.ecolive.com\/assets\/2018\/01\/annie-spratt-102801-1-768x544.jpg 768w, https:\/\/www.ecolive.com\/assets\/2018\/01\/annie-spratt-102801-1-1024x726.jpg 1024w, https:\/\/www.ecolive.com\/assets\/2018\/01\/annie-spratt-102801-1-384x272.jpg 384w, https:\/\/www.ecolive.com\/assets\/2018\/01\/annie-spratt-102801-1-296x210.jpg 296w, https:\/\/www.ecolive.com\/assets\/2018\/01\/annie-spratt-102801-1-451x320.jpg 451w, https:\/\/www.ecolive.com\/assets\/2018\/01\/annie-spratt-102801-1-200x142.jpg 200w, https:\/\/www.ecolive.com\/assets\/2018\/01\/annie-spratt-102801-1-1920x1361.jpg 1920w, https:\/\/www.ecolive.com\/assets\/2018\/01\/annie-spratt-102801-1-590x418.jpg 590w, https:\/\/www.ecolive.com\/assets\/2018\/01\/annie-spratt-102801-1-700x496.jpg 700w, https:\/\/www.ecolive.com\/assets\/2018\/01\/annie-spratt-102801-1-640x454.jpg 640w\" data-sizes=\"(max-width: 400px) 100vw, 400px\" \/><\/li>\n<li>Les m\u00e9taux<\/li>\n<li>Le papier, cartons<\/li>\n<li>Le bois<\/li>\n<li>Les verres<\/li>\n<li>Le textile<\/li>\n<li>Les d\u00e9chets organiques<\/li>\n<li>Le mobilier<\/li>\n<li>Les d\u00e9chets dits dangereux<\/li>\n<li>L\u2019\u00e9lectronique<\/li>\n<li>Les d\u00e9chets du b\u00e2timent<\/li>\n<li>Divers<\/li>\n<\/ul>\n<h3>Les diff\u00e9rentes poubelles de tri s\u00e9lectif<\/h3>\n<h4>La\u00a0poubelle des ordures m\u00e9nag\u00e8res<\/h4>\n<ul>\n<li>Aliments non mang\u00e9s (restes des repas), pots de yaourts<\/li>\n<li>Couche-culotte, serviettes hygi\u00e9niques, tampon<\/li>\n<\/ul>\n<p>Tous les produits non recyclables doivent \u00eatre jet\u00e9s dans cette poubelle.<\/p>\n<h4>La poubelle jaune<\/h4>\n<ul>\n<li>Bouteilles en plastique<\/li>\n<li>Bouteilles de lait<\/li>\n<li>Flacons ou bidon plastique contenant des produits d\u2019entretien (lessive, lave-vitres&#8230;)<\/li>\n<li>Flacons plastiques contenant des produits de beaut\u00e9 (gel douche, shampoing\u2026)<\/li>\n<li>Boites ou brique en carton (soupes, emballage des yaourts, jus de fruit\u2026)<\/li>\n<li>Boites de conserve en fer, bidon de sirop, boite d\u2019aliment pour les animaux, canettes<\/li>\n<li>D\u00e9sodorisants, laque \u00e0 cheveux, mousses \u00e0 raser, barquettes aluminium<\/li>\n<\/ul>\n<h4>La poubelle verte<\/h4>\n<ul>\n<li>Bouteille de vin, jus de fruit, soupes ou encore de vin<\/li>\n<li>Bouteilles d\u2019alcool en verre (vin, bi\u00e8res, liqueurs\u2026), jus de fruit, soupes<\/li>\n<li>Pots de confiture, pots pour b\u00e9b\u00e9<\/li>\n<li>Bouteilles d&rsquo;huile et bocaux de conserves<\/li>\n<\/ul>\n<h4><img decoding=\"async\" loading=\"lazy\" class=\"size-medium wp-image-4655 aligncenter\" data-src=\"https:\/\/www.ecolive.com\/assets\/2018\/01\/bhavyesh-acharya-2610-1-300x200.jpg\" data-lazy-img data-fade-in  alt=\"verres\" width=\"300\" height=\"200\" data-srcset=\"https:\/\/www.ecolive.com\/assets\/2018\/01\/bhavyesh-acharya-2610-1-300x200.jpg 300w, https:\/\/www.ecolive.com\/assets\/2018\/01\/bhavyesh-acharya-2610-1-150x100.jpg 150w, https:\/\/www.ecolive.com\/assets\/2018\/01\/bhavyesh-acharya-2610-1-768x512.jpg 768w, https:\/\/www.ecolive.com\/assets\/2018\/01\/bhavyesh-acharya-2610-1-1024x683.jpg 1024w, https:\/\/www.ecolive.com\/assets\/2018\/01\/bhavyesh-acharya-2610-1-408x272.jpg 408w, https:\/\/www.ecolive.com\/assets\/2018\/01\/bhavyesh-acharya-2610-1-296x197.jpg 296w, https:\/\/www.ecolive.com\/assets\/2018\/01\/bhavyesh-acharya-2610-1-480x320.jpg 480w, https:\/\/www.ecolive.com\/assets\/2018\/01\/bhavyesh-acharya-2610-1-200x133.jpg 200w, https:\/\/www.ecolive.com\/assets\/2018\/01\/bhavyesh-acharya-2610-1-1920x1280.jpg 1920w, https:\/\/www.ecolive.com\/assets\/2018\/01\/bhavyesh-acharya-2610-1-590x393.jpg 590w, https:\/\/www.ecolive.com\/assets\/2018\/01\/bhavyesh-acharya-2610-1-700x467.jpg 700w, https:\/\/www.ecolive.com\/assets\/2018\/01\/bhavyesh-acharya-2610-1-640x427.jpg 640w\" data-sizes=\"(max-width: 300px) 100vw, 300px\" \/><\/h4>\n<h4>La poubelle bleue<\/h4>\n<ul>\n<li>Journaux<\/li>\n<li>Magazines<\/li>\n<\/ul>\n<img decoding=\"async\" loading=\"lazy\" class=\"size-medium wp-image-4656 aligncenter\" data-src=\"https:\/\/www.ecolive.com\/assets\/2018\/01\/roman-kraft-260082-1-300x200.jpg\" data-lazy-img data-fade-in  alt=\"journaux\" width=\"300\" height=\"200\" data-srcset=\"https:\/\/www.ecolive.com\/assets\/2018\/01\/roman-kraft-260082-1-300x200.jpg 300w, https:\/\/www.ecolive.com\/assets\/2018\/01\/roman-kraft-260082-1-150x100.jpg 150w, https:\/\/www.ecolive.com\/assets\/2018\/01\/roman-kraft-260082-1-768x513.jpg 768w, https:\/\/www.ecolive.com\/assets\/2018\/01\/roman-kraft-260082-1-1024x684.jpg 1024w, https:\/\/www.ecolive.com\/assets\/2018\/01\/roman-kraft-260082-1-407x272.jpg 407w, https:\/\/www.ecolive.com\/assets\/2018\/01\/roman-kraft-260082-1-296x198.jpg 296w, https:\/\/www.ecolive.com\/assets\/2018\/01\/roman-kraft-260082-1-479x320.jpg 479w, https:\/\/www.ecolive.com\/assets\/2018\/01\/roman-kraft-260082-1-200x134.jpg 200w, https:\/\/www.ecolive.com\/assets\/2018\/01\/roman-kraft-260082-1-1920x1282.jpg 1920w, https:\/\/www.ecolive.com\/assets\/2018\/01\/roman-kraft-260082-1-590x394.jpg 590w, https:\/\/www.ecolive.com\/assets\/2018\/01\/roman-kraft-260082-1-700x467.jpg 700w, https:\/\/www.ecolive.com\/assets\/2018\/01\/roman-kraft-260082-1-640x427.jpg 640w\" data-sizes=\"(max-width: 300px) 100vw, 300px\" \/>\n<h4>Les cas particuliers<\/h4>\n<p>Si vous avez devant vous un produit ne rentrant dans aucune de ces cat\u00e9gories, ils subissent un autre traitement ou doivent \u00eatre transport\u00e9s \u00e0 la d\u00e9chetterie\u00a0:<\/p>\n<ul>\n<li>Les m\u00e9dicaments p\u00e9rim\u00e9s ou non utilis\u00e9s doivent \u00eatre rapport\u00e9s aux pharmaciens<\/li>\n<li>Les piles doivent \u00eatre d\u00e9pos\u00e9es dans les grandes surfaces ou chez un vendeur de ce produit<\/li>\n<li>Les objets dits dangereux (peinture, produits toxiques, huile de vidange..) doivent \u00eatre d\u00e9pos\u00e9s \u00e0 la d\u00e9chetterie<\/li>\n<li>Les d\u00e9chets verts sont soit utilis\u00e9 pour le compost, soit collect\u00e9 par la mairie ou alors d\u00e9pos\u00e9 \u00e0 la d\u00e9chetterie<\/li>\n<li>Les \u00e9quipements \u00e9lectriques et \u00e9lectroniques<strong>\u00a0<\/strong>doivent \u00eatre soit transport\u00e9s \u00e0 la d\u00e9chetterie soit repris par l\u2019enseigne d\u2019achat ou alors repris par les encombrants de la commune<\/li>\n<li>Les v\u00eatements, livres et jouets peuvent \u00eatre collect\u00e9s par la mairie, ou remis \u00e0 des associations. Vous pouvez \u00e9galement les vendre dans des vide-greniers ou les donner \u00e0 des proches.<\/li>\n<li>Les encombrants\u00a0(mobilier, v\u00e9lo cass\u00e9, gravats, etc.) peuvent \u00eatre d\u00e9pos\u00e9s \u00e0 la d\u00e9chetterie ou repris par les encombrants de la commune.<\/li>\n<li>Les voitures pour \u00eatre recycl\u00e9es doivent \u00eatre apport\u00e9es \u00e0 la casse ou \u00e0 un d\u00e9molisseur professionnel.<\/li>\n<\/ul>\n<h4>Le bonus tri d\u2019Ecolive :<\/h4>\n<img decoding=\"async\" loading=\"lazy\" class=\"wp-image-4653 aligncenter\" data-src=\"https:\/\/www.ecolive.com\/assets\/2018\/01\/gary-chan-351213-1-300x225.jpg\" data-lazy-img data-fade-in  alt=\"tri-selectif\" width=\"200\" height=\"150\" data-srcset=\"https:\/\/www.ecolive.com\/assets\/2018\/01\/gary-chan-351213-1-300x225.jpg 300w, https:\/\/www.ecolive.com\/assets\/2018\/01\/gary-chan-351213-1-150x113.jpg 150w, https:\/\/www.ecolive.com\/assets\/2018\/01\/gary-chan-351213-1-768x576.jpg 768w, https:\/\/www.ecolive.com\/assets\/2018\/01\/gary-chan-351213-1-1024x768.jpg 1024w, https:\/\/www.ecolive.com\/assets\/2018\/01\/gary-chan-351213-1-363x272.jpg 363w, https:\/\/www.ecolive.com\/assets\/2018\/01\/gary-chan-351213-1-296x222.jpg 296w, https:\/\/www.ecolive.com\/assets\/2018\/01\/gary-chan-351213-1-427x320.jpg 427w, https:\/\/www.ecolive.com\/assets\/2018\/01\/gary-chan-351213-1-200x150.jpg 200w, https:\/\/www.ecolive.com\/assets\/2018\/01\/gary-chan-351213-1-1920x1440.jpg 1920w, https:\/\/www.ecolive.com\/assets\/2018\/01\/gary-chan-351213-1-590x443.jpg 590w, https:\/\/www.ecolive.com\/assets\/2018\/01\/gary-chan-351213-1-700x525.jpg 700w, https:\/\/www.ecolive.com\/assets\/2018\/01\/gary-chan-351213-1-640x480.jpg 640w\" data-sizes=\"(max-width: 200px) 100vw, 200px\" \/>\n<ul>\n<li>Les cartons ou les papiers humides ou gras doivent \u00eatre jeter dans la poubelle \u00e0 ordures<\/li>\n<li>Les bouchons peuvent rester sur les bouteilles en plastiques.<\/li>\n<li>Vous n\u2019avez pas besoin de laver les emballages, il faut juste les vider.<\/li>\n<li>L\u2019huile alimentaire et m\u00e9canique polluent les nappes phr\u00e9atiques, il est donc recommand\u00e9 de la jeter dans se ordures m\u00e9nag\u00e8res, plut\u00f4t que dans son \u00e9vier. (Les professionnels quant \u00e0 eux doivent apporter leur stock d\u2019huiles \u00e0 la d\u00e9charge)<\/li>\n<\/ul>\n<p>&nbsp;<\/p>\n<h2>Que deviennent les emballages tri\u00e9s\u00a0?<\/h2>\n<p>Une fois le tri effectu\u00e9 chez vous, les poubelles sont vid\u00e9es par les \u00e9boueurs, puis d\u00e9pos\u00e9es au centre de tri.<\/p>\n<p>Les emballages en verre sont d\u00e9pos\u00e9s dans un grand conteneur, puis collect\u00e9s par un camion et conduits dans un centre de traitement du verre et enfin dans une verrerie afin de devenir de nouveaux emballages en verre<\/p>\n<p>Au centre de tri, les employ\u00e9s compl\u00e8tent le tri pr\u00e9alablement effectu\u00e9 par les habitants en\u00a0s\u00e9parant les emballages par\u00a0mat\u00e9riaux. D\u00e9pos\u00e9s sur un tapis roulant, les d\u00e9chets suivent diff\u00e9rentes \u00e9tapes afin d\u2019\u00eatre s\u00e9par\u00e9 par famille (voir ci-dessus). La majorit\u00e9 du tri est effectu\u00e9 par des machines (aimant g\u00e9ant pour attirer l\u2019acier\u2026) mais certains gestes sont n\u00e9anmoins effectu\u00e9s \u00e0 la main par des\u00a0op\u00e9rateurs de tri. Une fois\u00a0tri\u00e9s par famille<strong>, <\/strong>les emballages sont compact\u00e9s et attach\u00e9s et ressortent sous la forme d\u2019un cube volumineux appel\u00e9 \u00ab\u00a0balles\u00a0\u00bb qui sera vendue \u00e0 une usine de recyclage<\/p>\n<p>A leurs arriv\u00e9s \u00e0 l\u2019usine de recyclage les \u00ab\u00a0balles\u00a0\u00bb sont ouvertes et les emballages sont sont transform\u00e9s.<\/p>\n<p>&nbsp;<\/p>\n<img decoding=\"async\" loading=\"lazy\" class=\"aligncenter wp-image-4649\" data-src=\"https:\/\/www.ecolive.com\/assets\/2018\/01\/la-transformation-des-dechets-225x300.jpg\" data-lazy-img data-fade-in  alt=\"schema-transformation-des-dechets\" width=\"450\" height=\"600\" data-srcset=\"https:\/\/www.ecolive.com\/assets\/2018\/01\/la-transformation-des-dechets-225x300.jpg 225w, https:\/\/www.ecolive.com\/assets\/2018\/01\/la-transformation-des-dechets-113x150.jpg 113w, https:\/\/www.ecolive.com\/assets\/2018\/01\/la-transformation-des-dechets.jpg 768w, https:\/\/www.ecolive.com\/assets\/2018\/01\/la-transformation-des-dechets-204x272.jpg 204w, https:\/\/www.ecolive.com\/assets\/2018\/01\/la-transformation-des-dechets-137x184.jpg 137w, https:\/\/www.ecolive.com\/assets\/2018\/01\/la-transformation-des-dechets-169x225.jpg 169w, https:\/\/www.ecolive.com\/assets\/2018\/01\/la-transformation-des-dechets-240x320.jpg 240w, https:\/\/www.ecolive.com\/assets\/2018\/01\/la-transformation-des-dechets-200x267.jpg 200w, https:\/\/www.ecolive.com\/assets\/2018\/01\/la-transformation-des-dechets-590x787.jpg 590w, https:\/\/www.ecolive.com\/assets\/2018\/01\/la-transformation-des-dechets-700x933.jpg 700w, https:\/\/www.ecolive.com\/assets\/2018\/01\/la-transformation-des-dechets-640x853.jpg 640w\" data-sizes=\"(max-width: 450px) 100vw, 450px\" \/>\n<p>&nbsp;<\/p>\n<h2>La d\u00e9marche Z\u00e9ro d\u00e9chets<\/h2>\n<p>Il faut aller plus loin que le simple recyclage de nos d\u00e9chets. L\u2019objectif du z\u00e9ro d\u00e9chet est de produire moins de d\u00e9chets et g\u00e9rer autrement les d\u00e9chets existants, cela rejoint l\u00a0\u2018id\u00e9e de l\u2019<a href=\"https:\/\/www.ecolive.com\/fr\/green-actu\/economie-bleue-modele-sinspirant-nature\/\">\u00e9conomie bleue.<\/a><\/p>\n<img decoding=\"async\" loading=\"lazy\" class=\"aligncenter wp-image-4650 size-medium\" data-src=\"https:\/\/www.ecolive.com\/assets\/2018\/01\/demarche-zero-dechet-300x273.png\" data-lazy-img data-fade-in  alt=\"demarche-zero-dechet\" width=\"300\" height=\"273\" data-srcset=\"https:\/\/www.ecolive.com\/assets\/2018\/01\/demarche-zero-dechet-300x273.png 300w, https:\/\/www.ecolive.com\/assets\/2018\/01\/demarche-zero-dechet-150x136.png 150w, https:\/\/www.ecolive.com\/assets\/2018\/01\/demarche-zero-dechet-768x699.png 768w, https:\/\/www.ecolive.com\/assets\/2018\/01\/demarche-zero-dechet-299x272.png 299w, https:\/\/www.ecolive.com\/assets\/2018\/01\/demarche-zero-dechet-247x225.png 247w, https:\/\/www.ecolive.com\/assets\/2018\/01\/demarche-zero-dechet-352x320.png 352w, https:\/\/www.ecolive.com\/assets\/2018\/01\/demarche-zero-dechet-200x182.png 200w, https:\/\/www.ecolive.com\/assets\/2018\/01\/demarche-zero-dechet-590x537.png 590w, https:\/\/www.ecolive.com\/assets\/2018\/01\/demarche-zero-dechet-700x637.png 700w, https:\/\/www.ecolive.com\/assets\/2018\/01\/demarche-zero-dechet-640x582.png 640w, https:\/\/www.ecolive.com\/assets\/2018\/01\/demarche-zero-dechet.png 944w\" data-sizes=\"(max-width: 300px) 100vw, 300px\" \/>\n<h3>Produire et consommer sobrement<\/h3>\n<p><span style=\"font-style: inherit; font-weight: inherit;\">Il faut modifier nos modes de production, afin de r\u00e9duire nos d\u00e9chets. Il faut alors encourager les modes productions circulaires.<\/span><\/p>\n<h3>Optimiser et allonger l\u2019usage<\/h3>\n<p><span style=\"font-style: inherit; font-weight: inherit;\">Nos modes de consommation font que l\u2019usage d\u2019un bien est limit\u00e9 ou interrompu. Dans une logique z\u00e9ro d\u00e9chet, les biens doivent \u00eatre partag\u00e9s, mutualis\u00e9s. On encourage alors les emballages r\u00e9utilisables (consignes, vente en vrac) au d\u00e9pit des sacs plastiques.<\/span><\/p>\n<h3>Pr\u00e9server la mati\u00e8re<\/h3>\n<p><span style=\"font-style: inherit; font-weight: inherit;\">Il faut incorporer le recyclage et le compostage des d\u00e9chets afin de pouvoir r\u00e9utiliser certaines ressources naturelles.<\/span><\/p>\n<h2>La Su\u00e8de, un pays dont nous devons nous inspirer\u00a0?<\/h2>\n<img decoding=\"async\" loading=\"lazy\" class=\"aligncenter wp-image-4652\" data-src=\"https:\/\/www.ecolive.com\/assets\/2018\/01\/pigoff-photography-147850-1-300x200.jpg\" data-lazy-img data-fade-in  alt=\"suede\" width=\"400\" height=\"267\" data-srcset=\"https:\/\/www.ecolive.com\/assets\/2018\/01\/pigoff-photography-147850-1-300x200.jpg 300w, https:\/\/www.ecolive.com\/assets\/2018\/01\/pigoff-photography-147850-1-150x100.jpg 150w, https:\/\/www.ecolive.com\/assets\/2018\/01\/pigoff-photography-147850-1-768x512.jpg 768w, https:\/\/www.ecolive.com\/assets\/2018\/01\/pigoff-photography-147850-1-1024x683.jpg 1024w, https:\/\/www.ecolive.com\/assets\/2018\/01\/pigoff-photography-147850-1-408x272.jpg 408w, https:\/\/www.ecolive.com\/assets\/2018\/01\/pigoff-photography-147850-1-296x197.jpg 296w, https:\/\/www.ecolive.com\/assets\/2018\/01\/pigoff-photography-147850-1-480x320.jpg 480w, https:\/\/www.ecolive.com\/assets\/2018\/01\/pigoff-photography-147850-1-200x133.jpg 200w, https:\/\/www.ecolive.com\/assets\/2018\/01\/pigoff-photography-147850-1-1920x1280.jpg 1920w, https:\/\/www.ecolive.com\/assets\/2018\/01\/pigoff-photography-147850-1-590x393.jpg 590w, https:\/\/www.ecolive.com\/assets\/2018\/01\/pigoff-photography-147850-1-700x467.jpg 700w, https:\/\/www.ecolive.com\/assets\/2018\/01\/pigoff-photography-147850-1-640x427.jpg 640w\" data-sizes=\"(max-width: 400px) 100vw, 400px\" \/>\n<p>En Su\u00e8de, \u00ab\u00a099% des d\u00e9chets sont recycl\u00e9s\u00a0\u00bb. Chez nous, contrairement aux Su\u00e9dois, les d\u00e9chets recycl\u00e9s atteignent \u00e0 peine les 50 % !<\/p>\n<p>Ces r\u00e9sultats s\u2019expliquent par le fait qu\u2019en Su\u00e8de, le recyclage fait partie de leur culture. En effet, les d\u00e9chets sont tri\u00e9s avec soin, chez les particuliers et les r\u00e8gles sont pr\u00e9cises (interdiction de trier les d\u00e9chets).\u00a0Il y a des stations de tri avec environ 7 bennes diff\u00e9rentes, dans chaque zone r\u00e9sidentielle. De plus, dans ce pays, le recyclage a un enjeu de rentabilit\u00e9. Les Su\u00e9dois estiment que la volont\u00e9 des boutiques su\u00e9doise est de gagner de l\u2019argent, tout en sauvant le monde.<\/p>\n<p>&nbsp;<\/p>\n<p>&nbsp;<\/p>\n<p>Corn\u00e9lia,<\/p>\n<p>&nbsp;<\/p>\n<p>&nbsp;<\/p>\n","protected":false},"excerpt":{"rendered":"<p>Le recyclage est un enjeu \u00e0 ne pas n\u00e9gliger pour les populations futures. En France, le recyclage est un enjeu de soci\u00e9t\u00e9 qui commence dans notre poubelle. En 2014, chaque habitant fran\u00e7ais produisait en moyenne 511 kg de d\u00e9chets, par an. Des d\u00e9chets m\u00e9nagers, mais aussi v\u00e9g\u00e9taux ou encore toxiques [&hellip;] <a href=\"https:\/\/www.ecolive.com\/fr\/green-actu\/comment-bien-faire-le-tri-de-nos-dechets\/\" class=\"more\">Read More<\/a> <a href=\"https:\/\/www.ecolive.com\/fr\/green-actu\/comment-bien-faire-le-tri-de-nos-dechets\/\" class=\"more\">Read More<\/a><\/p>\n","protected":false},"author":2,"featured_media":4662,"comment_status":"closed","ping_status":"closed","sticky":false,"template":"","format":"standard","meta":{"content-type":""},"categories":[31],"tags":[],"acf":[],"yoast_head":"<!-- This site is optimized with the Yoast SEO plugin v20.13 - https:\/\/yoast.com\/wordpress\/plugins\/seo\/ -->\n<title>Tri s\u00e9lectif : Comment bien faire le tri de nos d\u00e9chets ?<\/title>\n<meta name=\"description\" content=\"Le recyclage est un enjeu \u00e0 ne pas n\u00e9gliger pour les populations futures. En 2014, chaque habitant fran\u00e7ais produisait en moyenne 511 kg de d\u00e9chets, par an. Des d\u00e9chets m\u00e9nagers, mais aussi v\u00e9g\u00e9taux ou encore toxiques dont on ne sait pas forc\u00e9ment quoi faire. D\u00e9couvrez, comment les trier !\" \/>\n<meta name=\"robots\" content=\"index, follow, max-snippet:-1, max-image-preview:large, max-video-preview:-1\" \/>\n<link rel=\"canonical\" href=\"https:\/\/www.ecolive.com\/fr\/green-actu\/comment-bien-faire-le-tri-de-nos-dechets\/\" \/>\n<meta property=\"og:locale\" content=\"fr_FR\" \/>\n<meta property=\"og:type\" content=\"article\" \/>\n<meta property=\"og:title\" content=\"Tri s\u00e9lectif : Comment bien faire le tri de nos d\u00e9chets ?\" \/>\n<meta property=\"og:description\" content=\"Le recyclage est un enjeu \u00e0 ne pas n\u00e9gliger pour les populations futures. En 2014, chaque habitant fran\u00e7ais produisait en moyenne 511 kg de d\u00e9chets, par an. Des d\u00e9chets m\u00e9nagers, mais aussi v\u00e9g\u00e9taux ou encore toxiques dont on ne sait pas forc\u00e9ment quoi faire. D\u00e9couvrez, comment les trier !\" \/>\n<meta property=\"og:url\" content=\"https:\/\/www.ecolive.com\/fr\/green-actu\/comment-bien-faire-le-tri-de-nos-dechets\/\" \/>\n<meta property=\"og:site_name\" content=\"Ecolive\" \/>\n<meta property=\"article:publisher\" content=\"https:\/\/www.facebook.com\/pages\/Ecolive\/202304496496615\" \/>\n<meta property=\"article:published_time\" content=\"2018-01-23T20:08:33+00:00\" \/>\n<meta property=\"og:image\" content=\"https:\/\/www.ecolive.com\/assets\/2018\/01\/dechets-a-la-une.jpg\" \/>\n\t<meta property=\"og:image:width\" content=\"1250\" \/>\n\t<meta property=\"og:image:height\" content=\"467\" \/>\n\t<meta property=\"og:image:type\" content=\"image\/jpeg\" \/>\n<meta name=\"author\" content=\"Ecolive\" \/>\n<meta name=\"twitter:card\" content=\"summary_large_image\" \/>\n<meta name=\"twitter:creator\" content=\"@ecolive_france\" \/>\n<meta name=\"twitter:site\" content=\"@ecolive_france\" \/>\n<meta name=\"twitter:label1\" content=\"\u00c9crit par\" \/>\n\t<meta name=\"twitter:data1\" content=\"Ecolive\" \/>\n\t<meta name=\"twitter:label2\" content=\"Dur\u00e9e de lecture estim\u00e9e\" \/>\n\t<meta name=\"twitter:data2\" content=\"6 minutes\" \/>\n<script type=\"application\/ld+json\" class=\"yoast-schema-graph\">{\"@context\":\"https:\/\/schema.org\",\"@graph\":[{\"@type\":\"WebPage\",\"@id\":\"https:\/\/www.ecolive.com\/fr\/green-actu\/comment-bien-faire-le-tri-de-nos-dechets\/\",\"url\":\"https:\/\/www.ecolive.com\/fr\/green-actu\/comment-bien-faire-le-tri-de-nos-dechets\/\",\"name\":\"Tri s\u00e9lectif : Comment bien faire le tri de nos d\u00e9chets ?\",\"isPartOf\":{\"@id\":\"https:\/\/www.ecolive.com\/fr\/#website\"},\"datePublished\":\"2018-01-23T20:08:33+00:00\",\"dateModified\":\"2018-01-23T20:08:33+00:00\",\"author\":{\"@id\":\"https:\/\/www.ecolive.com\/fr\/#\/schema\/person\/6c21de678cf17f7810141bbba25f2555\"},\"description\":\"Le recyclage est un enjeu \u00e0 ne pas n\u00e9gliger pour les populations futures. En 2014, chaque habitant fran\u00e7ais produisait en moyenne 511 kg de d\u00e9chets, par an. Des d\u00e9chets m\u00e9nagers, mais aussi v\u00e9g\u00e9taux ou encore toxiques dont on ne sait pas forc\u00e9ment quoi faire. D\u00e9couvrez, comment les trier !\",\"breadcrumb\":{\"@id\":\"https:\/\/www.ecolive.com\/fr\/green-actu\/comment-bien-faire-le-tri-de-nos-dechets\/#breadcrumb\"},\"inLanguage\":\"fr-FR\",\"potentialAction\":[{\"@type\":\"ReadAction\",\"target\":[\"https:\/\/www.ecolive.com\/fr\/green-actu\/comment-bien-faire-le-tri-de-nos-dechets\/\"]}]},{\"@type\":\"BreadcrumbList\",\"@id\":\"https:\/\/www.ecolive.com\/fr\/green-actu\/comment-bien-faire-le-tri-de-nos-dechets\/#breadcrumb\",\"itemListElement\":[{\"@type\":\"ListItem\",\"position\":1,\"name\":\"Accueil\",\"item\":\"https:\/\/www.ecolive.com\/fr\/\"},{\"@type\":\"ListItem\",\"position\":2,\"name\":\"Comment bien faire le tri de nos d\u00e9chets ?\"}]},{\"@type\":\"WebSite\",\"@id\":\"https:\/\/www.ecolive.com\/fr\/#website\",\"url\":\"https:\/\/www.ecolive.com\/fr\/\",\"name\":\"Ecolive\",\"description\":\"Chercheur de Go\u00fbt\",\"potentialAction\":[{\"@type\":\"SearchAction\",\"target\":{\"@type\":\"EntryPoint\",\"urlTemplate\":\"https:\/\/www.ecolive.com\/fr\/?s={search_term_string}\"},\"query-input\":\"required name=search_term_string\"}],\"inLanguage\":\"fr-FR\"},{\"@type\":\"Person\",\"@id\":\"https:\/\/www.ecolive.com\/fr\/#\/schema\/person\/6c21de678cf17f7810141bbba25f2555\",\"name\":\"Ecolive\",\"sameAs\":[\"https:\/\/www.ecolive.com\/\"],\"url\":\"https:\/\/www.ecolive.com\/fr\/author\/editor_ecolive\/\"}]}<\/script>\n<!-- \/ Yoast SEO plugin. -->","yoast_head_json":{"title":"Tri s\u00e9lectif : Comment bien faire le tri de nos d\u00e9chets ?","description":"Le recyclage est un enjeu \u00e0 ne pas n\u00e9gliger pour les populations futures. En 2014, chaque habitant fran\u00e7ais produisait en moyenne 511 kg de d\u00e9chets, par an. Des d\u00e9chets m\u00e9nagers, mais aussi v\u00e9g\u00e9taux ou encore toxiques dont on ne sait pas forc\u00e9ment quoi faire. D\u00e9couvrez, comment les trier !","robots":{"index":"index","follow":"follow","max-snippet":"max-snippet:-1","max-image-preview":"max-image-preview:large","max-video-preview":"max-video-preview:-1"},"canonical":"https:\/\/www.ecolive.com\/fr\/green-actu\/comment-bien-faire-le-tri-de-nos-dechets\/","og_locale":"fr_FR","og_type":"article","og_title":"Tri s\u00e9lectif : Comment bien faire le tri de nos d\u00e9chets ?","og_description":"Le recyclage est un enjeu \u00e0 ne pas n\u00e9gliger pour les populations futures. En 2014, chaque habitant fran\u00e7ais produisait en moyenne 511 kg de d\u00e9chets, par an. Des d\u00e9chets m\u00e9nagers, mais aussi v\u00e9g\u00e9taux ou encore toxiques dont on ne sait pas forc\u00e9ment quoi faire. D\u00e9couvrez, comment les trier !","og_url":"https:\/\/www.ecolive.com\/fr\/green-actu\/comment-bien-faire-le-tri-de-nos-dechets\/","og_site_name":"Ecolive","article_publisher":"https:\/\/www.facebook.com\/pages\/Ecolive\/202304496496615","article_published_time":"2018-01-23T20:08:33+00:00","og_image":[{"width":1250,"height":467,"url":"https:\/\/www.ecolive.com\/assets\/2018\/01\/dechets-a-la-une.jpg","type":"image\/jpeg"}],"author":"Ecolive","twitter_card":"summary_large_image","twitter_creator":"@ecolive_france","twitter_site":"@ecolive_france","twitter_misc":{"\u00c9crit par":"Ecolive","Dur\u00e9e de lecture estim\u00e9e":"6 minutes"},"schema":{"@context":"https:\/\/schema.org","@graph":[{"@type":"WebPage","@id":"https:\/\/www.ecolive.com\/fr\/green-actu\/comment-bien-faire-le-tri-de-nos-dechets\/","url":"https:\/\/www.ecolive.com\/fr\/green-actu\/comment-bien-faire-le-tri-de-nos-dechets\/","name":"Tri s\u00e9lectif : Comment bien faire le tri de nos d\u00e9chets ?","isPartOf":{"@id":"https:\/\/www.ecolive.com\/fr\/#website"},"datePublished":"2018-01-23T20:08:33+00:00","dateModified":"2018-01-23T20:08:33+00:00","author":{"@id":"https:\/\/www.ecolive.com\/fr\/#\/schema\/person\/6c21de678cf17f7810141bbba25f2555"},"description":"Le recyclage est un enjeu \u00e0 ne pas n\u00e9gliger pour les populations futures. En 2014, chaque habitant fran\u00e7ais produisait en moyenne 511 kg de d\u00e9chets, par an. Des d\u00e9chets m\u00e9nagers, mais aussi v\u00e9g\u00e9taux ou encore toxiques dont on ne sait pas forc\u00e9ment quoi faire. D\u00e9couvrez, comment les trier !","breadcrumb":{"@id":"https:\/\/www.ecolive.com\/fr\/green-actu\/comment-bien-faire-le-tri-de-nos-dechets\/#breadcrumb"},"inLanguage":"fr-FR","potentialAction":[{"@type":"ReadAction","target":["https:\/\/www.ecolive.com\/fr\/green-actu\/comment-bien-faire-le-tri-de-nos-dechets\/"]}]},{"@type":"BreadcrumbList","@id":"https:\/\/www.ecolive.com\/fr\/green-actu\/comment-bien-faire-le-tri-de-nos-dechets\/#breadcrumb","itemListElement":[{"@type":"ListItem","position":1,"name":"Accueil","item":"https:\/\/www.ecolive.com\/fr\/"},{"@type":"ListItem","position":2,"name":"Comment bien faire le tri de nos d\u00e9chets ?"}]},{"@type":"WebSite","@id":"https:\/\/www.ecolive.com\/fr\/#website","url":"https:\/\/www.ecolive.com\/fr\/","name":"Ecolive","description":"Chercheur de Go\u00fbt","potentialAction":[{"@type":"SearchAction","target":{"@type":"EntryPoint","urlTemplate":"https:\/\/www.ecolive.com\/fr\/?s={search_term_string}"},"query-input":"required name=search_term_string"}],"inLanguage":"fr-FR"},{"@type":"Person","@id":"https:\/\/www.ecolive.com\/fr\/#\/schema\/person\/6c21de678cf17f7810141bbba25f2555","name":"Ecolive","sameAs":["https:\/\/www.ecolive.com\/"],"url":"https:\/\/www.ecolive.com\/fr\/author\/editor_ecolive\/"}]}},"_links":{"self":[{"href":"https:\/\/www.ecolive.com\/fr\/wp-json\/wp\/v2\/posts\/4648"}],"collection":[{"href":"https:\/\/www.ecolive.com\/fr\/wp-json\/wp\/v2\/posts"}],"about":[{"href":"https:\/\/www.ecolive.com\/fr\/wp-json\/wp\/v2\/types\/post"}],"author":[{"embeddable":true,"href":"https:\/\/www.ecolive.com\/fr\/wp-json\/wp\/v2\/users\/2"}],"replies":[{"embeddable":true,"href":"https:\/\/www.ecolive.com\/fr\/wp-json\/wp\/v2\/comments?post=4648"}],"version-history":[{"count":5,"href":"https:\/\/www.ecolive.com\/fr\/wp-json\/wp\/v2\/posts\/4648\/revisions"}],"predecessor-version":[{"id":4666,"href":"https:\/\/www.ecolive.com\/fr\/wp-json\/wp\/v2\/posts\/4648\/revisions\/4666"}],"wp:featuredmedia":[{"embeddable":true,"href":"https:\/\/www.ecolive.com\/fr\/wp-json\/wp\/v2\/media\/4662"}],"wp:attachment":[{"href":"https:\/\/www.ecolive.com\/fr\/wp-json\/wp\/v2\/media?parent=4648"}],"wp:term":[{"taxonomy":"category","embeddable":true,"href":"https:\/\/www.ecolive.com\/fr\/wp-json\/wp\/v2\/categories?post=4648"},{"taxonomy":"post_tag","embeddable":true,"href":"https:\/\/www.ecolive.com\/fr\/wp-json\/wp\/v2\/tags?post=4648"}],"curies":[{"name":"wp","href":"https:\/\/api.w.org\/{rel}","templated":true}]}}