{"id":11034,"date":"2022-10-27T08:00:54","date_gmt":"2022-10-27T07:00:54","guid":{"rendered":"https:\/\/www.ecolive.com\/?p=11034"},"modified":"2022-10-27T10:16:11","modified_gmt":"2022-10-27T09:16:11","slug":"lancement-et-developpement-de-votre-produit-bio","status":"publish","type":"post","link":"https:\/\/www.ecolive.com\/fr\/notreactu\/lancement-et-developpement-de-votre-produit-bio\/","title":{"rendered":"Lancement d\u2019une marque bio : les bons tips \u00e0 savoir"},"content":{"rendered":"<p><em>Le biologique a le vent en poupe depuis plusieurs ann\u00e9es, avec une acc\u00e9l\u00e9ration r\u00e9cente gr\u00e2ce \u00e0 la prise de conscience montante des enjeux de la transition \u00e9cologique. La production et la consommation de produits biologiques augmentent, accompagn\u00e9es m\u00e9caniquement du nombre de r\u00e9f\u00e9rences et d\u2019acteurs, allant de la start-up \u00e0 la multinationale, en passant par l\u2019ADN de la Bio\u00a0: les soci\u00e9t\u00e9s familiales pionni\u00e8res. Mais, comme toute autre cr\u00e9ation de marque, il y a plusieurs choses \u00e0 savoir avant de se lancer.<\/em><\/p>\n<p><strong>Avoir une id\u00e9e pr\u00e9cise du produit et du march\u00e9<\/strong><\/p>\n<p>Une analyse strat\u00e9gique incompl\u00e8te voire inexistante peut vous mettre en grandes difficult\u00e9s. Afin d\u2019\u00e9viter cela, vous devez vous demander ce que vous voulez cr\u00e9er et comment. Il faut bien penser \u00e0 chaque \u00e9tape, de la cr\u00e9ation jusqu\u2019\u00e0 la commercialisation\u00a0:<\/p>\n<ul>\n<li>R\u00e9aliser une \u00e9tude du march\u00e9 cibl\u00e9 compl\u00e8te\n<ul>\n<li>Historique du march\u00e9 cibl\u00e9 et perspectives de d\u00e9veloppement<\/li>\n<li>Etude du consommateur cible (habitudes, envies, int\u00e9r\u00eats pour l\u2019offre\u2026)<\/li>\n<li>Analyse cat\u00e9gorielle<\/li>\n<li>Concurrence directe et indirecte<\/li>\n<li>Sourcing des mati\u00e8res premi\u00e8res<\/li>\n<li>Proc\u00e9d\u00e9s de transformation<\/li>\n<li>Canaux de distribution (grossistes, enseignes, magasins ind\u00e9pendants et sp\u00e9cialis\u00e9s)<\/li>\n<li>D\u00e9termination de l\u2019offre (produits, formules, prix\u2026) et test aupr\u00e8s de consommateurs<\/li>\n<\/ul>\n<\/li>\n<\/ul>\n<p>Sans oublier votre strat\u00e9gie de marketing et communication, ainsi que le business plan (mod\u00e8le \u00e9conomique, pr\u00e9visionnel financier etc\u2026). Des donn\u00e9es de march\u00e9 faites par des sp\u00e9cialistes (Agence bio, Biotopia, Circuit bio, LSA, Lin\u00e9aire) sont disponibles pour vous aider dans vos d\u00e9marches, ou vous pouvez \u00e9galement vous faire accompagner par des professionnels du secteur qui pourront vous donner une connaissance accrue du march\u00e9 cibl\u00e9 et vous proposer des recommandations sur votre approche.<\/p>\n<p><strong>La certification, une \u00e9tape incontournable<\/strong><\/p>\n<p>Etape incontournable pour \u00eatre reconnu produit bio, la certification assure une garantie voulue sur l\u2019origine des mati\u00e8res premi\u00e8res et les proc\u00e9d\u00e9s mis en place. Elle r\u00e9pond \u00e0 diff\u00e9rentes exigences selon le label vis\u00e9. L\u2019incontournable en Europe\u00a0: l\u2019Eurofeuille, qui est obligatoire. Ci-dessous, les principaux en France, Allemagne et Belgique\u00a0:<\/p>\n<p><em><strong>France\u00a0:<\/strong><\/em><\/p>\n<ul>\n<li><a href=\"https:\/\/www.inao.gouv.fr\/Les-signes-officiels-de-la-qualite-et-de-l-origine-SIQO\/Agriculture-biologique\">AB\u00a0<\/a>: Agriculture Biologique, g\u00e9r\u00e9 par le minist\u00e8re de l\u2019Agriculture, \u00e0 travers l\u2019Agence Bio et l\u2019INAO, l\u2019Institut national de l\u2019origine et de la qualit\u00e9. C\u2019est le label standard de la Bio.<\/li>\n<li><a href=\"https:\/\/www.natureetprogres.org\/\">Nature et Progr\u00e8s<\/a> : port\u00e9 par une association qui regroupe des producteurs et des consommateurs militants pour un \u00ab mod\u00e8le agricole alternatif \u00e0 l\u2019agro-industrie, \u00e0 m\u00eame de pr\u00e9server la fertilit\u00e9 naturelle des sols, d\u2019assurer l\u2019autonomie des paysans et une alimentation saine \u00e0 port\u00e9e de tous \u00bb<\/li>\n<li><a href=\"https:\/\/www.biocoherence.fr\/\">Bio Coh\u00e9rence\u00a0<\/a>: cr\u00e9\u00e9 par des producteurs bios \u00e0 la suite de l\u2019alignement du label AB sur le cahier des charges europ\u00e9en. Il est plus exigeant en termes d\u2019OGM, de transformation des produits, d\u2019alimentation animale et sur l\u2019aspect social de l\u2019agriculture biologique<\/li>\n<li><a href=\"https:\/\/www.demeter.fr\/\">Demeter\u00a0<\/a>: organisme certificateur port\u00e9 sur l\u2019agriculture biodynamique, il exige respect des rythmes naturels, du bien-\u00eatre animal et l\u2019utilisation de pr\u00e9paration \u00e0 base de plantes et de min\u00e9raux pour la fertilit\u00e9 des sols.<\/li>\n<li><a href=\"https:\/\/www.ecocert.com\/fr-FR\/home\">Ecocert\u00a0<\/a>: plus grand organisme certificateur de France et qui a son propre label, notamment pour les cosm\u00e9tiques, produits d\u2019entretien et textiles.<\/li>\n<\/ul>\n<p><em><strong>Belgique\u00a0:<\/strong><\/em><\/p>\n<ul>\n<li><a href=\"https:\/\/biogarantie.be\/\">Biogarantie\u00a0<\/a>: association qui regroupe des associations professionnelles, des cultivateurs, des transformateurs, des distributeurs et des points de vente en Belgique.<\/li>\n<\/ul>\n<p><em><strong>Allemagne\u00a0:<\/strong><\/em><\/p>\n<ul>\n<li><a href=\"https:\/\/www.demeter.fr\/\">Demeter<\/a><\/li>\n<li><a href=\"https:\/\/www.biolandes.com\/\">Bioland\u00a0<\/a>: la plus grande association allemande de l&rsquo;agriculture biologique et a \u00e9t\u00e9 fond\u00e9e en 1971, elle compte 10 000 entreprises de l\u2019agriculture et de l\u2019alimentation \u00e9cologique durable<\/li>\n<li><a href=\"https:\/\/www.naturland.fr\/\">Naturland<\/a>\u00a0: association qui promeut l&rsquo;agriculture \u00e9cologique dans le monde entier et avec plus de 46&rsquo;000 agriculteurs, une des plus grandes associations de l&rsquo;agriculture \u00e9cologique.<\/li>\n<\/ul>\n<p>Ces labels ont bien \u00e9videmment un co\u00fbt (except\u00e9 la certification europ\u00e9enne qui ne fait payer que les frais des contr\u00f4les), et un d\u00e9lai d\u2019obtention (entre 24 et 36 mois par exemple pour un agriculteur).<\/p>\n<p><strong>Choisir ses r\u00e9seaux de distribution<br \/>\n<\/strong><\/p>\n<p>Tout d\u2019abord, qu\u2019est-ce qu\u2019un r\u00e9seau de distribution\u00a0et \u00e0 quoi sert-il ?<\/p>\n<p>Il s\u2019agit de l\u2019interm\u00e9diaire entre vous, producteur, et les d\u00e9taillants (supermarch\u00e9s, magasins, caf\u00e9s, h\u00f4tels\u2026). Il commercialisera votre produit au consommateur final. Il existe cinq cat\u00e9gories de r\u00e9seaux\u00a0: la GMS, le r\u00e9seau sp\u00e9cialis\u00e9, l\u2019HoReCa (h\u00f4tellerie, restauration, caf\u00e9s), les magasins ind\u00e9pendants et la vente en ligne.<\/p>\n<p>Selon les pays, ces r\u00e9seaux sont organis\u00e9s diff\u00e9remment, n\u2019ont pas le m\u00eame type de consommateur final, et sont parfois\u2026 concurrents\u00a0! C\u2019est le cas en France, Espagne, Italie et Allemagne entre les r\u00e9seaux GMS et sp\u00e9cialis\u00e9s (m\u00eame si la fronti\u00e8re entre les deux s\u2019att\u00e9nue chez nos amis allemands).<\/p>\n<p>Apr\u00e8s avoir cibl\u00e9 son r\u00e9seau, il faut maintenant se faire r\u00e9f\u00e9rencer. Pour cela, aller \u00e0 la rencontre des distributeurs est primordial, et plusieurs \u00e9l\u00e9ments sont \u00e0 prendre en compte\u00a0:<\/p>\n<ul>\n<li>Conna\u00eetre le march\u00e9 et avoir les contacts<\/li>\n<li>Avoir une pr\u00e9sence en local, pour les rencontrer r\u00e9guli\u00e8rement et mener des actions commerciales<\/li>\n<li>Participer \u00e0 des salons \/ \u00e9v\u00e8nements<\/li>\n<\/ul>\n<p>Un acheteur n\u2019a que tr\u00e8s peu de temps disponible, et r\u00e9pond rarement aux sollicitations externes (prospection, mails\u2026). Donc le mieux est d\u2019avoir un carnet d\u2019adresses, ou de les rencontrer en direct.<\/p>\n<p><strong>La distribution en magasin<\/strong><\/p>\n<p>Comme nous avons vu plus haut, il faut d\u00e9j\u00e0 s\u00e9lectionner les magasins pour \u00eatre pertinent dans votre approche, et \u00eatre r\u00e9f\u00e9renc\u00e9 chez leurs distributeurs. Ces derniers ont certes des commerciaux, mais ceux-ci sont les ambassadeurs de leur entreprise, et non d\u2019une marque particuli\u00e8re. Un seul objectif\u00a0: prendre de la place dans les lin\u00e9aires, peu importe le produit.<\/p>\n<p>Alors, comment faire en sorte d\u2019\u00eatre l\u2019\u00e9lu et atteindre l\u2019\u00e9tag\u00e8re du rayon\u00a0?<\/p>\n<p>Plusieurs \u00e9l\u00e9ments \u00e0 prendre en compte\u00a0:<\/p>\n<ul>\n<li>Avoir une force de vente\u00a0: important pour aller \u00e0 la rencontre des responsables magasins. Cela peut \u00eatre une \u00e9quipe commerciale en interne, ou <a href=\"https:\/\/www.ecolive.com\/fr\/notreactu\/ecolive-votre-force-de-vente-externalisee-sur-reseau-bio\/\">une force de vente externalis\u00e9e<\/a><\/li>\n<li>Faire des visites r\u00e9guli\u00e8res pour le relationnel et le contr\u00f4le des r\u00e9f\u00e9rencements<\/li>\n<li>Faire des actions commerciales (\u00e9chantillonnage, plans promotionnels, animations\u2026)<\/li>\n<\/ul>\n<p>La force de vente, form\u00e9e \u00e0 votre produit et ayant le bon argumentaire, sert \u00e0 convaincre les responsables magasins et leurs clients de ses bienfaits. Cela repr\u00e9sente du temps et un certain co\u00fbt (kilom\u00e8tres, h\u00f4tels\u2026) mais n\u00e9cessaire pour le succ\u00e8s de votre marque !<\/p>\n<img decoding=\"async\" loading=\"lazy\" class=\"wp-image-11046 aligncenter\" data-src=\"\/assets\/2022\/10\/sigle-300x300.jpg\" data-lazy-img data-fade-in  alt=\"Picto Ecolive\" width=\"84\" height=\"84\" data-srcset=\"https:\/\/www.ecolive.com\/assets\/2022\/10\/sigle-300x300.jpg 300w, https:\/\/www.ecolive.com\/assets\/2022\/10\/sigle-150x150.jpg 150w, https:\/\/www.ecolive.com\/assets\/2022\/10\/sigle-768x768.jpg 768w, https:\/\/www.ecolive.com\/assets\/2022\/10\/sigle-272x272.jpg 272w, https:\/\/www.ecolive.com\/assets\/2022\/10\/sigle-418x418.jpg 418w, https:\/\/www.ecolive.com\/assets\/2022\/10\/sigle-225x225.jpg 225w, https:\/\/www.ecolive.com\/assets\/2022\/10\/sigle-96x96.jpg 96w, https:\/\/www.ecolive.com\/assets\/2022\/10\/sigle-320x320.jpg 320w, https:\/\/www.ecolive.com\/assets\/2022\/10\/sigle-200x200.jpg 200w, https:\/\/www.ecolive.com\/assets\/2022\/10\/sigle-590x590.jpg 590w, https:\/\/www.ecolive.com\/assets\/2022\/10\/sigle-700x700.jpg 700w, https:\/\/www.ecolive.com\/assets\/2022\/10\/sigle-640x640.jpg 640w, https:\/\/www.ecolive.com\/assets\/2022\/10\/sigle.jpg 797w\" data-sizes=\"(max-width: 84px) 100vw, 84px\" \/>\n<p>C\u2019est pour adresser ces diff\u00e9rentes \u00e9tapes clefs que chez Ecolive, acteur depuis plus de 10 ans sur le march\u00e9 bio, nous avons mis en place une gamme compl\u00e8te de services afin de r\u00e9ussir le lancement de votre marque bio. Gr\u00e2ce \u00e0 nos partenariats et notre expertise, <a href=\"https:\/\/www.ecolive.com\/fr\/services-marque-bio\/\"><strong>nos quatre p\u00f4les<\/strong><\/a> vous accompagnent\u00a0:<\/p>\n<ul>\n<li><strong>Data\u00a0:<\/strong> observation et analyse du secteur cible, \u00e9tude de march\u00e9 d\u00e9taill\u00e9e et pr\u00e9conisations<\/li>\n<li><strong>D\u00e9veloppement\u00a0:<\/strong> \u00e9laboration et mise en \u0153uvre de votre strat\u00e9gie commerciale aupr\u00e8s des distributeurs<\/li>\n<li><strong>Terrain\u00a0:<\/strong> force de vente externalis\u00e9e ou suppl\u00e9tive pour d\u00e9velopper votre r\u00e9f\u00e9rencement en magasins ainsi que votre pr\u00e9sence g\u00e9ographique<\/li>\n<li><strong>Marketing &amp; communication\u00a0:<\/strong> \u00e9laboration de votre strat\u00e9gie de communication, d\u00e9ploiement et intensification de votre pr\u00e9sence sur les diff\u00e9rents canaux (web, r\u00e9seaux sociaux, print, relations presses et salons)<\/li>\n<\/ul>\n<p>Pour en savoir plus, n\u2019h\u00e9sitez pas \u00e0 nous contacter gr\u00e2ce au formulaire ci-dessous, et nous \u00e9changerons avec vous sur vos projets.<\/p>\n<p>Maintenant que vous avez les bonnes pratiques pour vous lancer, on vous souhaite toute la r\u00e9ussite que vous m\u00e9ritez\u00a0!<\/p>\n\n\t\t\t\t\t<script>\n\t\t\t\t\t\twindow.hsFormsOnReady = window.hsFormsOnReady || [];\n\t\t\t\t\t\twindow.hsFormsOnReady.push(()=>{\n\t\t\t\t\t\t\thbspt.forms.create({\n\t\t\t\t\t\t\t\tportalId: 8805011,\n\t\t\t\t\t\t\t\tformId: \"949dca9f-3cd2-4cc4-8a18-e80aa896526a\",\n\t\t\t\t\t\t\t\ttarget: \"#hbspt-form-1777514033000-6901491403\",\n\t\t\t\t\t\t\t\tregion: \"na1\",\n\t\t\t\t\t\t\t\t\n\t\t\t\t\t\t})});\n\t\t\t\t\t<\/script>\n\t\t\t\t\t<div class=\"hbspt-form\" id=\"hbspt-form-1777514033000-6901491403\"><\/div>\n","protected":false},"excerpt":{"rendered":"<p>Le biologique a le vent en poupe depuis plusieurs ann\u00e9es, avec une acc\u00e9l\u00e9ration r\u00e9cente gr\u00e2ce \u00e0 la prise de conscience montante des enjeux de la transition \u00e9cologique. La production et la consommation de produits biologiques augmentent, accompagn\u00e9es m\u00e9caniquement du nombre de r\u00e9f\u00e9rences et d\u2019acteurs, allant de la start-up \u00e0 la [&hellip;] <a href=\"https:\/\/www.ecolive.com\/fr\/notreactu\/lancement-et-developpement-de-votre-produit-bio\/\" class=\"more\">Read More<\/a> <a href=\"https:\/\/www.ecolive.com\/fr\/notreactu\/lancement-et-developpement-de-votre-produit-bio\/\" class=\"more\">Read More<\/a><\/p>\n","protected":false},"author":2,"featured_media":11035,"comment_status":"closed","ping_status":"closed","sticky":false,"template":"","format":"standard","meta":{"content-type":""},"categories":[31,32],"tags":[],"acf":[],"yoast_head":"<!-- This site is optimized with the Yoast SEO plugin v20.13 - https:\/\/yoast.com\/wordpress\/plugins\/seo\/ -->\n<title>Lancement d\u2019une marque bio : les bons tips \u00e0 savoir - Ecolive<\/title>\n<meta name=\"description\" content=\"Lancer une marque bio, en France ou \u00e0 l\u2019export, n\u2019est pas toujours facile. Ecolive vous livre ses conseils pour vous aider \u00e0 vous y pr\u00e9parer et r\u00e9ussir votre d\u00e9veloppement commercial !\" \/>\n<meta name=\"robots\" content=\"index, follow, max-snippet:-1, max-image-preview:large, max-video-preview:-1\" \/>\n<link rel=\"canonical\" href=\"https:\/\/www.ecolive.com\/fr\/notreactu\/lancement-et-developpement-de-votre-produit-bio\/\" \/>\n<meta property=\"og:locale\" content=\"fr_FR\" \/>\n<meta property=\"og:type\" content=\"article\" \/>\n<meta property=\"og:title\" content=\"Lancement d\u2019une marque bio : les bons tips \u00e0 savoir - Ecolive\" \/>\n<meta property=\"og:description\" content=\"Lancer une marque bio, en France ou \u00e0 l\u2019export, n\u2019est pas toujours facile. Ecolive vous livre ses conseils pour vous aider \u00e0 vous y pr\u00e9parer et r\u00e9ussir votre d\u00e9veloppement commercial !\" \/>\n<meta property=\"og:url\" content=\"https:\/\/www.ecolive.com\/fr\/notreactu\/lancement-et-developpement-de-votre-produit-bio\/\" \/>\n<meta property=\"og:site_name\" content=\"Ecolive\" \/>\n<meta property=\"article:publisher\" content=\"https:\/\/www.facebook.com\/pages\/Ecolive\/202304496496615\" \/>\n<meta property=\"article:published_time\" content=\"2022-10-27T07:00:54+00:00\" \/>\n<meta property=\"article:modified_time\" content=\"2022-10-27T09:16:11+00:00\" \/>\n<meta property=\"og:image\" content=\"https:\/\/www.ecolive.com\/assets\/2022\/10\/magasins-bio-quelles-sont-les-meilleures-enseignes.jpeg\" \/>\n\t<meta property=\"og:image:width\" content=\"1200\" \/>\n\t<meta property=\"og:image:height\" content=\"600\" \/>\n\t<meta property=\"og:image:type\" content=\"image\/jpeg\" \/>\n<meta name=\"author\" content=\"Ecolive\" \/>\n<meta name=\"twitter:card\" content=\"summary_large_image\" \/>\n<meta name=\"twitter:creator\" content=\"@ecolive_france\" \/>\n<meta name=\"twitter:site\" content=\"@ecolive_france\" \/>\n<meta name=\"twitter:label1\" content=\"\u00c9crit par\" \/>\n\t<meta name=\"twitter:data1\" content=\"Ecolive\" \/>\n\t<meta name=\"twitter:label2\" content=\"Dur\u00e9e de lecture estim\u00e9e\" \/>\n\t<meta name=\"twitter:data2\" content=\"6 minutes\" \/>\n<script type=\"application\/ld+json\" class=\"yoast-schema-graph\">{\"@context\":\"https:\/\/schema.org\",\"@graph\":[{\"@type\":\"WebPage\",\"@id\":\"https:\/\/www.ecolive.com\/fr\/notreactu\/lancement-et-developpement-de-votre-produit-bio\/\",\"url\":\"https:\/\/www.ecolive.com\/fr\/notreactu\/lancement-et-developpement-de-votre-produit-bio\/\",\"name\":\"Lancement d\u2019une marque bio : les bons tips \u00e0 savoir - Ecolive\",\"isPartOf\":{\"@id\":\"https:\/\/www.ecolive.com\/fr\/#website\"},\"datePublished\":\"2022-10-27T07:00:54+00:00\",\"dateModified\":\"2022-10-27T09:16:11+00:00\",\"author\":{\"@id\":\"https:\/\/www.ecolive.com\/fr\/#\/schema\/person\/6c21de678cf17f7810141bbba25f2555\"},\"description\":\"Lancer une marque bio, en France ou \u00e0 l\u2019export, n\u2019est pas toujours facile. Ecolive vous livre ses conseils pour vous aider \u00e0 vous y pr\u00e9parer et r\u00e9ussir votre d\u00e9veloppement commercial !\",\"breadcrumb\":{\"@id\":\"https:\/\/www.ecolive.com\/fr\/notreactu\/lancement-et-developpement-de-votre-produit-bio\/#breadcrumb\"},\"inLanguage\":\"fr-FR\",\"potentialAction\":[{\"@type\":\"ReadAction\",\"target\":[\"https:\/\/www.ecolive.com\/fr\/notreactu\/lancement-et-developpement-de-votre-produit-bio\/\"]}]},{\"@type\":\"BreadcrumbList\",\"@id\":\"https:\/\/www.ecolive.com\/fr\/notreactu\/lancement-et-developpement-de-votre-produit-bio\/#breadcrumb\",\"itemListElement\":[{\"@type\":\"ListItem\",\"position\":1,\"name\":\"Accueil\",\"item\":\"https:\/\/www.ecolive.com\/fr\/\"},{\"@type\":\"ListItem\",\"position\":2,\"name\":\"Lancement d\u2019une marque bio : les bons tips \u00e0 savoir\"}]},{\"@type\":\"WebSite\",\"@id\":\"https:\/\/www.ecolive.com\/fr\/#website\",\"url\":\"https:\/\/www.ecolive.com\/fr\/\",\"name\":\"Ecolive\",\"description\":\"Chercheur de Go\u00fbt\",\"potentialAction\":[{\"@type\":\"SearchAction\",\"target\":{\"@type\":\"EntryPoint\",\"urlTemplate\":\"https:\/\/www.ecolive.com\/fr\/?s={search_term_string}\"},\"query-input\":\"required name=search_term_string\"}],\"inLanguage\":\"fr-FR\"},{\"@type\":\"Person\",\"@id\":\"https:\/\/www.ecolive.com\/fr\/#\/schema\/person\/6c21de678cf17f7810141bbba25f2555\",\"name\":\"Ecolive\",\"sameAs\":[\"https:\/\/www.ecolive.com\/\"],\"url\":\"https:\/\/www.ecolive.com\/fr\/author\/editor_ecolive\/\"}]}<\/script>\n<!-- \/ Yoast SEO plugin. -->","yoast_head_json":{"title":"Lancement d\u2019une marque bio : les bons tips \u00e0 savoir - Ecolive","description":"Lancer une marque bio, en France ou \u00e0 l\u2019export, n\u2019est pas toujours facile. Ecolive vous livre ses conseils pour vous aider \u00e0 vous y pr\u00e9parer et r\u00e9ussir votre d\u00e9veloppement commercial !","robots":{"index":"index","follow":"follow","max-snippet":"max-snippet:-1","max-image-preview":"max-image-preview:large","max-video-preview":"max-video-preview:-1"},"canonical":"https:\/\/www.ecolive.com\/fr\/notreactu\/lancement-et-developpement-de-votre-produit-bio\/","og_locale":"fr_FR","og_type":"article","og_title":"Lancement d\u2019une marque bio : les bons tips \u00e0 savoir - Ecolive","og_description":"Lancer une marque bio, en France ou \u00e0 l\u2019export, n\u2019est pas toujours facile. Ecolive vous livre ses conseils pour vous aider \u00e0 vous y pr\u00e9parer et r\u00e9ussir votre d\u00e9veloppement commercial !","og_url":"https:\/\/www.ecolive.com\/fr\/notreactu\/lancement-et-developpement-de-votre-produit-bio\/","og_site_name":"Ecolive","article_publisher":"https:\/\/www.facebook.com\/pages\/Ecolive\/202304496496615","article_published_time":"2022-10-27T07:00:54+00:00","article_modified_time":"2022-10-27T09:16:11+00:00","og_image":[{"width":1200,"height":600,"url":"https:\/\/www.ecolive.com\/assets\/2022\/10\/magasins-bio-quelles-sont-les-meilleures-enseignes.jpeg","type":"image\/jpeg"}],"author":"Ecolive","twitter_card":"summary_large_image","twitter_creator":"@ecolive_france","twitter_site":"@ecolive_france","twitter_misc":{"\u00c9crit par":"Ecolive","Dur\u00e9e de lecture estim\u00e9e":"6 minutes"},"schema":{"@context":"https:\/\/schema.org","@graph":[{"@type":"WebPage","@id":"https:\/\/www.ecolive.com\/fr\/notreactu\/lancement-et-developpement-de-votre-produit-bio\/","url":"https:\/\/www.ecolive.com\/fr\/notreactu\/lancement-et-developpement-de-votre-produit-bio\/","name":"Lancement d\u2019une marque bio : les bons tips \u00e0 savoir - Ecolive","isPartOf":{"@id":"https:\/\/www.ecolive.com\/fr\/#website"},"datePublished":"2022-10-27T07:00:54+00:00","dateModified":"2022-10-27T09:16:11+00:00","author":{"@id":"https:\/\/www.ecolive.com\/fr\/#\/schema\/person\/6c21de678cf17f7810141bbba25f2555"},"description":"Lancer une marque bio, en France ou \u00e0 l\u2019export, n\u2019est pas toujours facile. Ecolive vous livre ses conseils pour vous aider \u00e0 vous y pr\u00e9parer et r\u00e9ussir votre d\u00e9veloppement commercial !","breadcrumb":{"@id":"https:\/\/www.ecolive.com\/fr\/notreactu\/lancement-et-developpement-de-votre-produit-bio\/#breadcrumb"},"inLanguage":"fr-FR","potentialAction":[{"@type":"ReadAction","target":["https:\/\/www.ecolive.com\/fr\/notreactu\/lancement-et-developpement-de-votre-produit-bio\/"]}]},{"@type":"BreadcrumbList","@id":"https:\/\/www.ecolive.com\/fr\/notreactu\/lancement-et-developpement-de-votre-produit-bio\/#breadcrumb","itemListElement":[{"@type":"ListItem","position":1,"name":"Accueil","item":"https:\/\/www.ecolive.com\/fr\/"},{"@type":"ListItem","position":2,"name":"Lancement d\u2019une marque bio : les bons tips \u00e0 savoir"}]},{"@type":"WebSite","@id":"https:\/\/www.ecolive.com\/fr\/#website","url":"https:\/\/www.ecolive.com\/fr\/","name":"Ecolive","description":"Chercheur de Go\u00fbt","potentialAction":[{"@type":"SearchAction","target":{"@type":"EntryPoint","urlTemplate":"https:\/\/www.ecolive.com\/fr\/?s={search_term_string}"},"query-input":"required name=search_term_string"}],"inLanguage":"fr-FR"},{"@type":"Person","@id":"https:\/\/www.ecolive.com\/fr\/#\/schema\/person\/6c21de678cf17f7810141bbba25f2555","name":"Ecolive","sameAs":["https:\/\/www.ecolive.com\/"],"url":"https:\/\/www.ecolive.com\/fr\/author\/editor_ecolive\/"}]}},"_links":{"self":[{"href":"https:\/\/www.ecolive.com\/fr\/wp-json\/wp\/v2\/posts\/11034"}],"collection":[{"href":"https:\/\/www.ecolive.com\/fr\/wp-json\/wp\/v2\/posts"}],"about":[{"href":"https:\/\/www.ecolive.com\/fr\/wp-json\/wp\/v2\/types\/post"}],"author":[{"embeddable":true,"href":"https:\/\/www.ecolive.com\/fr\/wp-json\/wp\/v2\/users\/2"}],"replies":[{"embeddable":true,"href":"https:\/\/www.ecolive.com\/fr\/wp-json\/wp\/v2\/comments?post=11034"}],"version-history":[{"count":5,"href":"https:\/\/www.ecolive.com\/fr\/wp-json\/wp\/v2\/posts\/11034\/revisions"}],"predecessor-version":[{"id":11053,"href":"https:\/\/www.ecolive.com\/fr\/wp-json\/wp\/v2\/posts\/11034\/revisions\/11053"}],"wp:featuredmedia":[{"embeddable":true,"href":"https:\/\/www.ecolive.com\/fr\/wp-json\/wp\/v2\/media\/11035"}],"wp:attachment":[{"href":"https:\/\/www.ecolive.com\/fr\/wp-json\/wp\/v2\/media?parent=11034"}],"wp:term":[{"taxonomy":"category","embeddable":true,"href":"https:\/\/www.ecolive.com\/fr\/wp-json\/wp\/v2\/categories?post=11034"},{"taxonomy":"post_tag","embeddable":true,"href":"https:\/\/www.ecolive.com\/fr\/wp-json\/wp\/v2\/tags?post=11034"}],"curies":[{"name":"wp","href":"https:\/\/api.w.org\/{rel}","templated":true}]}}