{"id":8260,"date":"2020-01-31T15:05:49","date_gmt":"2020-01-31T14:05:49","guid":{"rendered":"https:\/\/www.ecolive.com\/?p=8260"},"modified":"2020-01-31T15:05:49","modified_gmt":"2020-01-31T14:05:49","slug":"ecolive-days-unser-unternehmensseminar-januar-2020","status":"publish","type":"post","link":"https:\/\/www.ecolive.com\/de\/notre-actu-de\/ecolive-days-unser-unternehmensseminar-januar-2020\/","title":{"rendered":"Ecolive Days: unser Unternehmensseminar \u2013 Januar 2020"},"content":{"rendered":"<p>Zu Beginn dieses Jahres ist <strong>das ECOLIVE-Team in den R\u00e4umlichkeiten in Vertou\u00a0zusammengekommen.<\/strong> Jedes Jahr f\u00fchren wir im Schnitt 2 Seminarwochen durch, bei denen sich alle treffen und sich zu f\u00fcr unsere Entwicklung wichtigen Aspekten austauschen k\u00f6nnen.<\/p>\n<p>Das Seminarprogramm:<\/p>\n<h2><strong><img decoding=\"async\" loading=\"lazy\" class=\"alignright wp-image-8244 size-medium\" data-src=\"\/assets\/2020\/01\/IMG_0026-225x300.jpeg\" data-lazy-img data-fade-in  alt=\"coteaux-nantais-ecolivedays\" width=\"225\" height=\"300\" data-srcset=\"https:\/\/www.ecolive.com\/assets\/2020\/01\/IMG_0026-225x300.jpeg 225w, https:\/\/www.ecolive.com\/assets\/2020\/01\/IMG_0026-768x1024.jpeg 768w, https:\/\/www.ecolive.com\/assets\/2020\/01\/IMG_0026-113x150.jpeg 113w, https:\/\/www.ecolive.com\/assets\/2020\/01\/IMG_0026-1152x1536.jpeg 1152w, https:\/\/www.ecolive.com\/assets\/2020\/01\/IMG_0026-1536x2048.jpeg 1536w, https:\/\/www.ecolive.com\/assets\/2020\/01\/IMG_0026-204x272.jpeg 204w, https:\/\/www.ecolive.com\/assets\/2020\/01\/IMG_0026-169x225.jpeg 169w, https:\/\/www.ecolive.com\/assets\/2020\/01\/IMG_0026-96x128.jpeg 96w, https:\/\/www.ecolive.com\/assets\/2020\/01\/IMG_0026-240x320.jpeg 240w, https:\/\/www.ecolive.com\/assets\/2020\/01\/IMG_0026-200x267.jpeg 200w, https:\/\/www.ecolive.com\/assets\/2020\/01\/IMG_0026-scaled.jpeg 1920w, https:\/\/www.ecolive.com\/assets\/2020\/01\/IMG_0026-1024x1365.jpeg 1024w, https:\/\/www.ecolive.com\/assets\/2020\/01\/IMG_0026-590x787.jpeg 590w, https:\/\/www.ecolive.com\/assets\/2020\/01\/IMG_0026-700x933.jpeg 700w, https:\/\/www.ecolive.com\/assets\/2020\/01\/IMG_0026-640x853.jpeg 640w\" data-sizes=\"(max-width: 225px) 100vw, 225px\" \/>TAG 1 \u2013 Ankunft der Vertriebsmitarbeiter und Besuch von Les Coteaux Nantais:<\/strong><\/h2>\n<p>Die Vertriebsmitarbeiter sind aus verschiedenen Regionen Frankreichs und Deutschlands zu uns nach Vertou gekommen. F\u00fcr die Fr\u00fchaufsteher war eine Kostprobe des traditionellen Dreik\u00f6nigskuchens \u201egalette des rois\u201c am 6. Januar nat\u00fcrlich unverzichtbar! Und f\u00fcr Thorsten und Yvonne, die seit einigen Monaten bei uns sind, gab es eine kurze F\u00fchrung durch die R\u00e4umlichkeiten.<\/p>\n<p>Die Deutschen<strong> besuchten am Nachmittag des 6. Januar unseren Erzeuger \u201eLes Coteaux Nantais\u201c in Remouill\u00e9.<\/strong> Bei diesem Besuch konnten die deutschen Vertriebsmitarbeiter neue Verkaufsargumente sammeln. Zudem war dieser Anlass eine gute Gelegenheit, um sich \u00fcber den laufenden Vertrag auszutauschen.<\/p>\n<h2><strong>TAG 2 \u2013 Bilanz 2019 \/ Ziele f\u00fcr 2020 f\u00fcr das franz\u00f6sische Team und Besuch des Leuchtturms von Eckm\u00fchl f\u00fcr die Deutschen<\/strong><\/h2>\n<p>Am zweiten Tag teilte sich das Team in zwei Gruppen auf: Die Franzosen zogen <strong>eine Bilanz des Jahres 2019 und legten die Strategie f\u00fcr 2020 fest.<\/strong> Die Deutschen wiederum nutzten die Reise, <strong>um die Bretagne sowie den unseren Erzeuger Phare Eckm\u00fchl zu besuchen.<\/strong><\/p>\n<img decoding=\"async\" loading=\"lazy\" class=\"aligncenter wp-image-8246\" data-src=\"\/assets\/2020\/01\/phare-deckmuhl-visite2020-1-225x300.jpg\" data-lazy-img data-fade-in  alt=\"phare-d-eckmuhl-visite-ecolive\" width=\"338\" height=\"450\" data-srcset=\"https:\/\/www.ecolive.com\/assets\/2020\/01\/phare-deckmuhl-visite2020-1-225x300.jpg 225w, https:\/\/www.ecolive.com\/assets\/2020\/01\/phare-deckmuhl-visite2020-1-768x1024.jpg 768w, https:\/\/www.ecolive.com\/assets\/2020\/01\/phare-deckmuhl-visite2020-1-113x150.jpg 113w, https:\/\/www.ecolive.com\/assets\/2020\/01\/phare-deckmuhl-visite2020-1-1152x1536.jpg 1152w, https:\/\/www.ecolive.com\/assets\/2020\/01\/phare-deckmuhl-visite2020-1-204x272.jpg 204w, https:\/\/www.ecolive.com\/assets\/2020\/01\/phare-deckmuhl-visite2020-1-169x225.jpg 169w, https:\/\/www.ecolive.com\/assets\/2020\/01\/phare-deckmuhl-visite2020-1-96x128.jpg 96w, https:\/\/www.ecolive.com\/assets\/2020\/01\/phare-deckmuhl-visite2020-1-240x320.jpg 240w, https:\/\/www.ecolive.com\/assets\/2020\/01\/phare-deckmuhl-visite2020-1-200x267.jpg 200w, https:\/\/www.ecolive.com\/assets\/2020\/01\/phare-deckmuhl-visite2020-1-1024x1365.jpg 1024w, https:\/\/www.ecolive.com\/assets\/2020\/01\/phare-deckmuhl-visite2020-1-590x787.jpg 590w, https:\/\/www.ecolive.com\/assets\/2020\/01\/phare-deckmuhl-visite2020-1-700x933.jpg 700w, https:\/\/www.ecolive.com\/assets\/2020\/01\/phare-deckmuhl-visite2020-1-640x853.jpg 640w, https:\/\/www.ecolive.com\/assets\/2020\/01\/phare-deckmuhl-visite2020-1.jpg 1512w\" data-sizes=\"(max-width: 338px) 100vw, 338px\" \/>\n<p>&nbsp;<\/p>\n<h2><strong>TAG 3 \u2013 Schulung zu dem neuen CRM-System und Austausch zur internen Organisation<\/strong><strong>\u00a0<\/strong><\/h2>\n<p>Am Mittwoch kamen schlie\u00dflich alle Teilnehmer zusammen und tauschten sich zu relevanten Themen aus. Insbesondere ging es um <strong>die Einf\u00fchrung unseres neuen CRM-Systems,<\/strong> das uns k\u00fcnftig eine noch genauere Berichterstattung erm\u00f6glichen wird.<strong>\u00a0<\/strong><\/p>\n<p>Zudem wurden die Entwicklung seit dem vorhergehenden Seminar sowie <strong>die neuen Marken, mit denen wir zusammenarbeiten werden, besprochen.<\/strong><\/p>\n<p>Der Nachmittag stand im Zeichen <strong>der internen Kommunikation,<\/strong> um eine gegenseitige Unterst\u00fctzung der verschiedenen Abteilungen bzw. Dienste im Alltag zur Entwicklung unserer Marken zu f\u00f6rdern.<\/p>\n<img decoding=\"async\" loading=\"lazy\" class=\"aligncenter wp-image-8248 size-large\" data-src=\"\/assets\/2020\/01\/27b798a0-0833-4979-8c10-68f8f9dcc8e0-1024x768.jpeg\" data-lazy-img data-fade-in  alt=\"formation-ecolive-days\" width=\"600\" height=\"450\" data-srcset=\"https:\/\/www.ecolive.com\/assets\/2020\/01\/27b798a0-0833-4979-8c10-68f8f9dcc8e0-1024x768.jpeg 1024w, https:\/\/www.ecolive.com\/assets\/2020\/01\/27b798a0-0833-4979-8c10-68f8f9dcc8e0-300x225.jpeg 300w, https:\/\/www.ecolive.com\/assets\/2020\/01\/27b798a0-0833-4979-8c10-68f8f9dcc8e0-150x113.jpeg 150w, https:\/\/www.ecolive.com\/assets\/2020\/01\/27b798a0-0833-4979-8c10-68f8f9dcc8e0-768x576.jpeg 768w, https:\/\/www.ecolive.com\/assets\/2020\/01\/27b798a0-0833-4979-8c10-68f8f9dcc8e0-1536x1152.jpeg 1536w, https:\/\/www.ecolive.com\/assets\/2020\/01\/27b798a0-0833-4979-8c10-68f8f9dcc8e0-363x272.jpeg 363w, https:\/\/www.ecolive.com\/assets\/2020\/01\/27b798a0-0833-4979-8c10-68f8f9dcc8e0-296x222.jpeg 296w, https:\/\/www.ecolive.com\/assets\/2020\/01\/27b798a0-0833-4979-8c10-68f8f9dcc8e0-96x72.jpeg 96w, https:\/\/www.ecolive.com\/assets\/2020\/01\/27b798a0-0833-4979-8c10-68f8f9dcc8e0-427x320.jpeg 427w, https:\/\/www.ecolive.com\/assets\/2020\/01\/27b798a0-0833-4979-8c10-68f8f9dcc8e0-200x150.jpeg 200w, https:\/\/www.ecolive.com\/assets\/2020\/01\/27b798a0-0833-4979-8c10-68f8f9dcc8e0-590x443.jpeg 590w, https:\/\/www.ecolive.com\/assets\/2020\/01\/27b798a0-0833-4979-8c10-68f8f9dcc8e0-700x525.jpeg 700w, https:\/\/www.ecolive.com\/assets\/2020\/01\/27b798a0-0833-4979-8c10-68f8f9dcc8e0-640x480.jpeg 640w, https:\/\/www.ecolive.com\/assets\/2020\/01\/27b798a0-0833-4979-8c10-68f8f9dcc8e0.jpeg 1600w\" data-sizes=\"(max-width: 600px) 100vw, 600px\" \/>\n<h2><strong>TAG 4 \u2013 Sportliche Aktivit\u00e4t und Austausch zu Kommunikation und Marketing <\/strong><\/h2>\n<p>Am letzten Tag haben wir uns um 9:00 Uhr zu einer \u00dcberraschungsaktivit\u00e4t getroffen! Im Laufe der Woche haben wir alle ger\u00e4tselt, worum es sich dabei handeln k\u00f6nnte: Paintball, Laser-Game, Strandsegeln, Fahrradfahren, Escape-Room, \u2026\u00a0? <strong>Richtig war Strandsegeln!<\/strong> Wir sind nach Saint-Brevin-les-Pins gefahren, um mit dem Unternehmen <a href=\"https:\/\/www.eks44.fr\/\">EKS44<\/a> eine Stunde lang Strandsegeln zu erleben.<\/p>\n<p>Im Rahmen dieser Aktivit\u00e4t konnten die Teams au\u00dferhalb des rein beruflichen Austauschs ein noch h\u00f6heres Zusammengeh\u00f6rigkeitsgef\u00fchl entwickeln, als dies sonst im Rahmen dieser Woche m\u00f6glich gewesen w\u00e4re.<\/p>\n<img decoding=\"async\" loading=\"lazy\" class=\"aligncenter wp-image-8247 size-large\" data-src=\"\/assets\/2020\/01\/4f4f68cb-228c-4f70-887a-f4133ab598c2-1024x768.jpeg\" data-lazy-img data-fade-in  alt=\"char-a-voile-ecolive\" width=\"600\" height=\"450\" data-srcset=\"https:\/\/www.ecolive.com\/assets\/2020\/01\/4f4f68cb-228c-4f70-887a-f4133ab598c2-1024x768.jpeg 1024w, https:\/\/www.ecolive.com\/assets\/2020\/01\/4f4f68cb-228c-4f70-887a-f4133ab598c2-300x225.jpeg 300w, https:\/\/www.ecolive.com\/assets\/2020\/01\/4f4f68cb-228c-4f70-887a-f4133ab598c2-150x113.jpeg 150w, https:\/\/www.ecolive.com\/assets\/2020\/01\/4f4f68cb-228c-4f70-887a-f4133ab598c2-768x576.jpeg 768w, https:\/\/www.ecolive.com\/assets\/2020\/01\/4f4f68cb-228c-4f70-887a-f4133ab598c2-1536x1152.jpeg 1536w, https:\/\/www.ecolive.com\/assets\/2020\/01\/4f4f68cb-228c-4f70-887a-f4133ab598c2-363x272.jpeg 363w, https:\/\/www.ecolive.com\/assets\/2020\/01\/4f4f68cb-228c-4f70-887a-f4133ab598c2-296x222.jpeg 296w, https:\/\/www.ecolive.com\/assets\/2020\/01\/4f4f68cb-228c-4f70-887a-f4133ab598c2-96x72.jpeg 96w, https:\/\/www.ecolive.com\/assets\/2020\/01\/4f4f68cb-228c-4f70-887a-f4133ab598c2-427x320.jpeg 427w, https:\/\/www.ecolive.com\/assets\/2020\/01\/4f4f68cb-228c-4f70-887a-f4133ab598c2-200x150.jpeg 200w, https:\/\/www.ecolive.com\/assets\/2020\/01\/4f4f68cb-228c-4f70-887a-f4133ab598c2-590x443.jpeg 590w, https:\/\/www.ecolive.com\/assets\/2020\/01\/4f4f68cb-228c-4f70-887a-f4133ab598c2-700x525.jpeg 700w, https:\/\/www.ecolive.com\/assets\/2020\/01\/4f4f68cb-228c-4f70-887a-f4133ab598c2-640x480.jpeg 640w, https:\/\/www.ecolive.com\/assets\/2020\/01\/4f4f68cb-228c-4f70-887a-f4133ab598c2.jpeg 1600w\" data-sizes=\"(max-width: 600px) 100vw, 600px\" \/>\n<p><strong>Am Nachmittag wurde die interne Kommunikation,<\/strong> um die es am Vorabend ging, nachbesprochen. <strong>Anschlie\u00dfend wurden die Entwicklungen und k\u00fcnftigen Kommunikationsprojekte<\/strong>\u00a0(neue Website, neue Kommunikationsstrat\u00e9gie, usw.) vorgestellt und die deutschen Vertriebsmitarbeiter hielten eine <strong>Pr\u00e4sentation zum deutschen Markt mit den Reformh\u00e4usern und den Akteuren im Bio-Bereich in Deutschland.<\/strong><\/p>\n<p>Den Abschluss des Tages bildete ein gemeinsames Essen im Restaurant <a href=\"https:\/\/www.letirebouchonnantes.com\/\">Le Tire-Bouchon<\/a> in Nantes. In gastlicher Atmosph\u00e4re konnten alle noch etwas Zeit miteinander verbringen \u2013 bis zu den n\u00e4chsten Ecolive Days!<\/p>\n<p>&nbsp;<\/p>\n<p>Corn\u00e9lia<\/p>\n","protected":false},"excerpt":{"rendered":"<p>Zu Beginn dieses Jahres ist das ECOLIVE-Team in den R\u00e4umlichkeiten in Vertou\u00a0zusammengekommen. Jedes Jahr f\u00fchren wir im Schnitt 2 Seminarwochen durch, bei denen sich alle treffen und sich zu f\u00fcr unsere Entwicklung wichtigen Aspekten austauschen k\u00f6nnen. Das Seminarprogramm: TAG 1 \u2013 Ankunft der Vertriebsmitarbeiter und Besuch von Les Coteaux Nantais: [&hellip;] <a href=\"https:\/\/www.ecolive.com\/de\/notre-actu-de\/ecolive-days-unser-unternehmensseminar-januar-2020\/\" class=\"more\">Read More<\/a> <a href=\"https:\/\/www.ecolive.com\/de\/notre-actu-de\/ecolive-days-unser-unternehmensseminar-januar-2020\/\" class=\"more\">Read More<\/a><\/p>\n","protected":false},"author":2,"featured_media":8257,"comment_status":"closed","ping_status":"closed","sticky":false,"template":"","format":"standard","meta":{"content-type":""},"categories":[38],"tags":[],"acf":[],"yoast_head":"<!-- This site is optimized with the Yoast SEO plugin v20.13 - https:\/\/yoast.com\/wordpress\/plugins\/seo\/ -->\n<title>Ecolive Days: unser Unternehmensseminar \u2013 Januar 2020<\/title>\n<meta name=\"description\" content=\"Zu Beginn dieses Jahres ist das ECOLIVE-Team in den R\u00e4umlichkeiten in Vertou\u00a0zusammengekommen.\" \/>\n<meta name=\"robots\" content=\"index, follow, max-snippet:-1, max-image-preview:large, max-video-preview:-1\" \/>\n<link rel=\"canonical\" href=\"https:\/\/www.ecolive.com\/de\/notre-actu-de\/ecolive-days-unser-unternehmensseminar-januar-2020\/\" \/>\n<meta property=\"og:locale\" content=\"de_DE\" \/>\n<meta property=\"og:type\" content=\"article\" \/>\n<meta property=\"og:title\" content=\"Ecolive Days: unser Unternehmensseminar \u2013 Januar 2020\" \/>\n<meta property=\"og:description\" content=\"Zu Beginn dieses Jahres ist das ECOLIVE-Team in den R\u00e4umlichkeiten in Vertou\u00a0zusammengekommen.\" \/>\n<meta property=\"og:url\" content=\"https:\/\/www.ecolive.com\/de\/notre-actu-de\/ecolive-days-unser-unternehmensseminar-januar-2020\/\" \/>\n<meta property=\"og:site_name\" content=\"Ecolive\" \/>\n<meta property=\"article:publisher\" content=\"https:\/\/www.facebook.com\/pages\/Ecolive\/202304496496615\" \/>\n<meta property=\"article:published_time\" content=\"2020-01-31T14:05:49+00:00\" \/>\n<meta property=\"og:image\" content=\"https:\/\/www.ecolive.com\/assets\/2020\/01\/header-ecolive-days.jpg\" \/>\n\t<meta property=\"og:image:width\" content=\"1200\" \/>\n\t<meta property=\"og:image:height\" content=\"660\" \/>\n\t<meta property=\"og:image:type\" content=\"image\/jpeg\" \/>\n<meta name=\"author\" content=\"Ecolive\" \/>\n<meta name=\"twitter:card\" content=\"summary_large_image\" \/>\n<meta name=\"twitter:creator\" content=\"@ecolive_france\" \/>\n<meta name=\"twitter:site\" content=\"@ecolive_france\" \/>\n<meta name=\"twitter:label1\" content=\"Verfasst von\" \/>\n\t<meta name=\"twitter:data1\" content=\"Ecolive\" \/>\n\t<meta name=\"twitter:label2\" content=\"Gesch\u00e4tzte Lesezeit\" \/>\n\t<meta name=\"twitter:data2\" content=\"2\u00a0Minuten\" \/>\n<script type=\"application\/ld+json\" class=\"yoast-schema-graph\">{\"@context\":\"https:\/\/schema.org\",\"@graph\":[{\"@type\":\"WebPage\",\"@id\":\"https:\/\/www.ecolive.com\/de\/notre-actu-de\/ecolive-days-unser-unternehmensseminar-januar-2020\/\",\"url\":\"https:\/\/www.ecolive.com\/de\/notre-actu-de\/ecolive-days-unser-unternehmensseminar-januar-2020\/\",\"name\":\"Ecolive Days: unser Unternehmensseminar \u2013 Januar 2020\",\"isPartOf\":{\"@id\":\"https:\/\/www.ecolive.com\/fr\/#website\"},\"datePublished\":\"2020-01-31T14:05:49+00:00\",\"dateModified\":\"2020-01-31T14:05:49+00:00\",\"author\":{\"@id\":\"https:\/\/www.ecolive.com\/fr\/#\/schema\/person\/6c21de678cf17f7810141bbba25f2555\"},\"description\":\"Zu Beginn dieses Jahres ist das ECOLIVE-Team in den R\u00e4umlichkeiten in Vertou\u00a0zusammengekommen.\",\"breadcrumb\":{\"@id\":\"https:\/\/www.ecolive.com\/de\/notre-actu-de\/ecolive-days-unser-unternehmensseminar-januar-2020\/#breadcrumb\"},\"inLanguage\":\"de\",\"potentialAction\":[{\"@type\":\"ReadAction\",\"target\":[\"https:\/\/www.ecolive.com\/de\/notre-actu-de\/ecolive-days-unser-unternehmensseminar-januar-2020\/\"]}]},{\"@type\":\"BreadcrumbList\",\"@id\":\"https:\/\/www.ecolive.com\/de\/notre-actu-de\/ecolive-days-unser-unternehmensseminar-januar-2020\/#breadcrumb\",\"itemListElement\":[{\"@type\":\"ListItem\",\"position\":1,\"name\":\"Accueil\",\"item\":\"https:\/\/www.ecolive.com\/de\/\"},{\"@type\":\"ListItem\",\"position\":2,\"name\":\"Ecolive Days: unser Unternehmensseminar \u2013 Januar 2020\"}]},{\"@type\":\"WebSite\",\"@id\":\"https:\/\/www.ecolive.com\/fr\/#website\",\"url\":\"https:\/\/www.ecolive.com\/fr\/\",\"name\":\"Ecolive\",\"description\":\"Chercheur de Go\u00fbt\",\"potentialAction\":[{\"@type\":\"SearchAction\",\"target\":{\"@type\":\"EntryPoint\",\"urlTemplate\":\"https:\/\/www.ecolive.com\/fr\/?s={search_term_string}\"},\"query-input\":\"required name=search_term_string\"}],\"inLanguage\":\"de\"},{\"@type\":\"Person\",\"@id\":\"https:\/\/www.ecolive.com\/fr\/#\/schema\/person\/6c21de678cf17f7810141bbba25f2555\",\"name\":\"Ecolive\",\"sameAs\":[\"https:\/\/www.ecolive.com\/\"],\"url\":\"https:\/\/www.ecolive.com\/de\/author\/editor_ecolive\/\"}]}<\/script>\n<!-- \/ Yoast SEO plugin. -->","yoast_head_json":{"title":"Ecolive Days: unser Unternehmensseminar \u2013 Januar 2020","description":"Zu Beginn dieses Jahres ist das ECOLIVE-Team in den R\u00e4umlichkeiten in Vertou\u00a0zusammengekommen.","robots":{"index":"index","follow":"follow","max-snippet":"max-snippet:-1","max-image-preview":"max-image-preview:large","max-video-preview":"max-video-preview:-1"},"canonical":"https:\/\/www.ecolive.com\/de\/notre-actu-de\/ecolive-days-unser-unternehmensseminar-januar-2020\/","og_locale":"de_DE","og_type":"article","og_title":"Ecolive Days: unser Unternehmensseminar \u2013 Januar 2020","og_description":"Zu Beginn dieses Jahres ist das ECOLIVE-Team in den R\u00e4umlichkeiten in Vertou\u00a0zusammengekommen.","og_url":"https:\/\/www.ecolive.com\/de\/notre-actu-de\/ecolive-days-unser-unternehmensseminar-januar-2020\/","og_site_name":"Ecolive","article_publisher":"https:\/\/www.facebook.com\/pages\/Ecolive\/202304496496615","article_published_time":"2020-01-31T14:05:49+00:00","og_image":[{"width":1200,"height":660,"url":"https:\/\/www.ecolive.com\/assets\/2020\/01\/header-ecolive-days.jpg","type":"image\/jpeg"}],"author":"Ecolive","twitter_card":"summary_large_image","twitter_creator":"@ecolive_france","twitter_site":"@ecolive_france","twitter_misc":{"Verfasst von":"Ecolive","Gesch\u00e4tzte Lesezeit":"2\u00a0Minuten"},"schema":{"@context":"https:\/\/schema.org","@graph":[{"@type":"WebPage","@id":"https:\/\/www.ecolive.com\/de\/notre-actu-de\/ecolive-days-unser-unternehmensseminar-januar-2020\/","url":"https:\/\/www.ecolive.com\/de\/notre-actu-de\/ecolive-days-unser-unternehmensseminar-januar-2020\/","name":"Ecolive Days: unser Unternehmensseminar \u2013 Januar 2020","isPartOf":{"@id":"https:\/\/www.ecolive.com\/fr\/#website"},"datePublished":"2020-01-31T14:05:49+00:00","dateModified":"2020-01-31T14:05:49+00:00","author":{"@id":"https:\/\/www.ecolive.com\/fr\/#\/schema\/person\/6c21de678cf17f7810141bbba25f2555"},"description":"Zu Beginn dieses Jahres ist das ECOLIVE-Team in den R\u00e4umlichkeiten in Vertou\u00a0zusammengekommen.","breadcrumb":{"@id":"https:\/\/www.ecolive.com\/de\/notre-actu-de\/ecolive-days-unser-unternehmensseminar-januar-2020\/#breadcrumb"},"inLanguage":"de","potentialAction":[{"@type":"ReadAction","target":["https:\/\/www.ecolive.com\/de\/notre-actu-de\/ecolive-days-unser-unternehmensseminar-januar-2020\/"]}]},{"@type":"BreadcrumbList","@id":"https:\/\/www.ecolive.com\/de\/notre-actu-de\/ecolive-days-unser-unternehmensseminar-januar-2020\/#breadcrumb","itemListElement":[{"@type":"ListItem","position":1,"name":"Accueil","item":"https:\/\/www.ecolive.com\/de\/"},{"@type":"ListItem","position":2,"name":"Ecolive Days: unser Unternehmensseminar \u2013 Januar 2020"}]},{"@type":"WebSite","@id":"https:\/\/www.ecolive.com\/fr\/#website","url":"https:\/\/www.ecolive.com\/fr\/","name":"Ecolive","description":"Chercheur de Go\u00fbt","potentialAction":[{"@type":"SearchAction","target":{"@type":"EntryPoint","urlTemplate":"https:\/\/www.ecolive.com\/fr\/?s={search_term_string}"},"query-input":"required name=search_term_string"}],"inLanguage":"de"},{"@type":"Person","@id":"https:\/\/www.ecolive.com\/fr\/#\/schema\/person\/6c21de678cf17f7810141bbba25f2555","name":"Ecolive","sameAs":["https:\/\/www.ecolive.com\/"],"url":"https:\/\/www.ecolive.com\/de\/author\/editor_ecolive\/"}]}},"_links":{"self":[{"href":"https:\/\/www.ecolive.com\/de\/wp-json\/wp\/v2\/posts\/8260"}],"collection":[{"href":"https:\/\/www.ecolive.com\/de\/wp-json\/wp\/v2\/posts"}],"about":[{"href":"https:\/\/www.ecolive.com\/de\/wp-json\/wp\/v2\/types\/post"}],"author":[{"embeddable":true,"href":"https:\/\/www.ecolive.com\/de\/wp-json\/wp\/v2\/users\/2"}],"replies":[{"embeddable":true,"href":"https:\/\/www.ecolive.com\/de\/wp-json\/wp\/v2\/comments?post=8260"}],"version-history":[{"count":3,"href":"https:\/\/www.ecolive.com\/de\/wp-json\/wp\/v2\/posts\/8260\/revisions"}],"predecessor-version":[{"id":8266,"href":"https:\/\/www.ecolive.com\/de\/wp-json\/wp\/v2\/posts\/8260\/revisions\/8266"}],"wp:featuredmedia":[{"embeddable":true,"href":"https:\/\/www.ecolive.com\/de\/wp-json\/wp\/v2\/media\/8257"}],"wp:attachment":[{"href":"https:\/\/www.ecolive.com\/de\/wp-json\/wp\/v2\/media?parent=8260"}],"wp:term":[{"taxonomy":"category","embeddable":true,"href":"https:\/\/www.ecolive.com\/de\/wp-json\/wp\/v2\/categories?post=8260"},{"taxonomy":"post_tag","embeddable":true,"href":"https:\/\/www.ecolive.com\/de\/wp-json\/wp\/v2\/tags?post=8260"}],"curies":[{"name":"wp","href":"https:\/\/api.w.org\/{rel}","templated":true}]}}