{"id":8172,"date":"2019-12-17T12:19:56","date_gmt":"2019-12-17T11:19:56","guid":{"rendered":"https:\/\/www.ecolive.com\/?p=8172"},"modified":"2019-12-17T12:39:55","modified_gmt":"2019-12-17T11:39:55","slug":"natexpo-2019-ecolive","status":"publish","type":"post","link":"https:\/\/www.ecolive.com\/de\/notre-actu-de\/natexpo-2019-ecolive\/","title":{"rendered":"Natexpo 2019: Ecolive war bei der internationalen Bio-Messe vertreten"},"content":{"rendered":"<p>Wir an der Messe Natexpo 2019 teilgenommen, die vom 20. bis zum 22. Oktober 2019 im Parc des Expositions Paris Nord Villepinte stattfand. Wir sind mittlerweile seit fast 10 Jahren bei der Natexpo vertreten!<\/p>\n<h2><strong>Rekordjahr f\u00fcr die internationale Messe der neuesten Bio-Trends in Paris!<\/strong><\/h2>\n<p>Nach Lyon im vergangenen Jahr 2018 fand die <a href=\"https:\/\/natexpo.com\/en\/die-erste-fachmesse-der-biobranche\/\">Natexpo<\/a> 2019 wieder in Paris statt. In diesem Jahr waren <strong>1115 Aussteller auf einer Fl\u00e4che von 35.500 m<sup>2<\/sup> mit dabei.<\/strong> Die Aussteller stammen aus aller Welt und <strong>25 % der Messefl\u00e4che wurde von Unternehmen aus dem Ausland eingenommen.<\/strong><\/p>\n<p>Drei Tage lang kamen in Paris Nord Villepinte knapp <strong>17.600 Besucher aus 80 verschiedenen L\u00e4ndern<\/strong> bei der NATEXPO 2019 zusammen. Damit wurde in diesem Jahr ein neuer Besucherrekord verzeichnet, der einen Anstieg von 19 % verglichen zur letzten Messe 2017 in Paris darstellte.<\/p>\n<div style=\"text-align: center;\">\n<dl id=\"attachment_8174\">\n<dt><img decoding=\"async\" loading=\"lazy\" class=\"aligncenter\" src=\"\/assets\/2019\/12\/Natexpo19_Ambiance_071-1024x684.jpg\" alt=\"natexpo-2019\" width=\"600\" height=\"401\" \/><\/dt>\n<dd>Natexpo 2019 \u00a9 Nicolas Rodet<\/dd>\n<\/dl>\n<\/div>\n<p>Wie in jedem Jahr <strong>fanden auch dieses Mal zahlreiche Veranstaltungen im Laufe der drei Messetage statt<\/strong>, die bei Ausstellern wie Besuchern auf reges Interesse stie\u00dfen. In diesem Rahmen konnten K\u00e4ufer und Entscheidungstr\u00e4ger sich \u00fcber die neuesten Trends informieren sowie neue Absatzm\u00f6glichkeiten ergreifen und neue Partnerschaften kn\u00fcpfen. Unter den organisierten Veranstaltungen waren beispielsweise:<\/p>\n<ul>\n<li>Mehr als <strong>1.200 gesch\u00e4ftliche Meetings<\/strong><\/li>\n<li><strong>\u201eLe Lab\u201c<\/strong> stand im Zeichen der neuesten Initiativen im Hinblick auf Umweltschutz und Umweltbewusstsein.<\/li>\n<li><strong>Die Verleihung der NATEXPO-Preise<\/strong>, mit denen 14 Innovationen in 7 verschiedenen Kategorien ausgezeichnet wurden.<\/li>\n<li>Dynamische Vortr\u00e4ge von renommierten Experten aus dem Bio-Bereich (NATEXBIO, BioLin\u00e9raires, Cosm\u00e9bio, regionale Cluster, Agence Bio\u2026) an allen 3 Tagen<\/li>\n<\/ul>\n<h2><strong>Das Ecolive-Dorf bei der Natexpo 2019!<\/strong><\/h2>\n<img decoding=\"async\" loading=\"lazy\" class=\"aligncenter wp-image-8184 size-large\" data-src=\"\/assets\/2019\/12\/village-ecolive-natexpo-1024x1024.jpeg\" data-lazy-img data-fade-in  alt=\"ecolive-natexpo-2019\" width=\"600\" height=\"600\" data-srcset=\"https:\/\/www.ecolive.com\/assets\/2019\/12\/village-ecolive-natexpo-1024x1024.jpeg 1024w, https:\/\/www.ecolive.com\/assets\/2019\/12\/village-ecolive-natexpo-300x300.jpeg 300w, https:\/\/www.ecolive.com\/assets\/2019\/12\/village-ecolive-natexpo-150x150.jpeg 150w, https:\/\/www.ecolive.com\/assets\/2019\/12\/village-ecolive-natexpo-768x768.jpeg 768w, https:\/\/www.ecolive.com\/assets\/2019\/12\/village-ecolive-natexpo-272x272.jpeg 272w, https:\/\/www.ecolive.com\/assets\/2019\/12\/village-ecolive-natexpo-418x418.jpeg 418w, https:\/\/www.ecolive.com\/assets\/2019\/12\/village-ecolive-natexpo-225x225.jpeg 225w, https:\/\/www.ecolive.com\/assets\/2019\/12\/village-ecolive-natexpo-96x96.jpeg 96w, https:\/\/www.ecolive.com\/assets\/2019\/12\/village-ecolive-natexpo-320x320.jpeg 320w, https:\/\/www.ecolive.com\/assets\/2019\/12\/village-ecolive-natexpo-200x200.jpeg 200w, https:\/\/www.ecolive.com\/assets\/2019\/12\/village-ecolive-natexpo-590x590.jpeg 590w, https:\/\/www.ecolive.com\/assets\/2019\/12\/village-ecolive-natexpo-700x700.jpeg 700w, https:\/\/www.ecolive.com\/assets\/2019\/12\/village-ecolive-natexpo-640x640.jpeg 640w, https:\/\/www.ecolive.com\/assets\/2019\/12\/village-ecolive-natexpo.jpeg 1280w\" data-sizes=\"(max-width: 600px) 100vw, 600px\" \/>\n<p>In diesem Jahr haben wir erstmals <strong>ein ECOLIVE-Dorf geschaffen: Alle Marken, mit denen wir zusammenarbeiten, waren im gleichen Gang vertreten. <\/strong>Man fand uns somit an den St\u00e4nden J90, J91, J94, J95, J96 und J99 mit unseren Marken:<\/p>\n<ul>\n<li><a href=\"https:\/\/www.ecolive.com\/en\/producteur\/equiori-organic-chocolates\/\"><strong>Equiori<\/strong><\/a> (Bio-Schokolade mit kolumbianischem Kakao)<\/li>\n<li><a href=\"https:\/\/www.ecolive.com\/en\/producteur\/pakka-organic-fairtrade-nuts\/\"><strong>Pakka <\/strong><\/a>(Fairtrade-Bio-N\u00fcsse: Cashewn\u00fcsse, Erdn\u00fcsse, Paran\u00fcsse, usw.)<\/li>\n<li><a href=\"https:\/\/www.ecolive.com\/en\/producteur\/we-love-the-plannet\/\"><strong>We Love The Planet <\/strong><\/a>(100 % nat\u00fcrliche Deodorants)<\/li>\n<li><a href=\"https:\/\/www.ecolive.com\/en\/producteur\/brennos-organic-superfood\/\"><strong>Brennos <\/strong><\/a>(Bio-Energieriegel und -Superfood, hergestellt in Frankreich)<\/li>\n<li><a href=\"https:\/\/www.ecolive.com\/en\/producteur\/pukka\/\"><strong>Pukka <\/strong><\/a>(Bio-Tee)<\/li>\n<li><a href=\"https:\/\/www.ecolive.com\/en\/producteur\/farm-brothers-organic-cookies\/\"><strong>Farm Brothers <\/strong><\/a>(Bio-Cookies)<\/li>\n<li><strong><a href=\"https:\/\/www.ecolive.com\/en\/producteur\/taifun\/\">Taifun<\/a> <\/strong>(Bio-Tofu)<\/li>\n<li><a href=\"https:\/\/www.ecolive.com\/en\/producteur\/yarrah-organic-pet-food\/\"><strong>Yarrah <\/strong><\/a>(Bio-Tiernahrung)<\/li>\n<li><strong><a href=\"https:\/\/www.ecolive.com\/en\/producteur\/bio-verde-antipasti-cheese-cold-meats\/\">Bio Verde<\/a> <\/strong>(Antipasti, K\u00e4se, Wurstwaren, Aufstrich, usw.)<\/li>\n<\/ul>\n<p>Und zudem:<\/p>\n<ul>\n<li><strong><a href=\"https:\/\/www.ecolive.com\/en\/producteur\/sonett-ecological-cleaning-washing-products\/\">Sonett<\/a>, <\/strong>unsere Marke f\u00fcr Reinigungsmittel, an Stand D31<\/li>\n<li><strong><a href=\"https:\/\/www.ecolive.com\/en\/producteur\/marinoe-organic-seaweed\/\">Marino\u00eb<\/a>, <\/strong>unser Erzeuger von essbaren Algen, an Stand C110<\/li>\n<\/ul>\n<p>Auch in diesem Jahr durften wir uns wieder \u00fcber Feedback von <strong>Gro\u00dfh\u00e4ndlern, Bio-Gesch\u00e4ften und Verbrauchern zu allen unseren Produkten freuen!<\/strong> Im Rahmen der Natexpo hatte Ecolive zudem <strong>Gelegenheit zum Austausch mit interessanten Marken<\/strong> hinsichtlich einer m\u00f6glichen k\u00fcnftigen Zusammenarbeit!<\/p>\n<p>Wir m\u00f6chten uns insbesondere bei den Firmen, den Gro\u00dfh\u00e4ndlern und nat\u00fcrlich den Gesch\u00e4ften bedanken, mit denen unser Vertriebsteam das ganze Jahr \u00fcber Kontakt hat. Vielen Dank an alle, die uns im Laufe dieser drei Messetage besucht haben.<\/p>\n<p>Im kommenden Jahr finden Sie das <strong>Ecolive -Dorf am 21. und 22. September 2020 bei der Natexpo in Lyon.<\/strong><\/p>\n<p>Folgen Sie uns auf <a href=\"https:\/\/www.linkedin.com\/company\/ecolive-deutschland\">LinkedIn<\/a>!<\/p>\n<p>Corn\u00e9lia,<\/p>\n","protected":false},"excerpt":{"rendered":"<p>Wir an der Messe Natexpo 2019 teilgenommen, die vom 20. bis zum 22. Oktober 2019 im Parc des Expositions Paris Nord Villepinte stattfand. Wir sind mittlerweile seit fast 10 Jahren bei der Natexpo vertreten! Rekordjahr f\u00fcr die internationale Messe der neuesten Bio-Trends in Paris! Nach Lyon im vergangenen Jahr 2018 [&hellip;] <a href=\"https:\/\/www.ecolive.com\/de\/notre-actu-de\/natexpo-2019-ecolive\/\" class=\"more\">Read More<\/a> <a href=\"https:\/\/www.ecolive.com\/de\/notre-actu-de\/natexpo-2019-ecolive\/\" class=\"more\">Read More<\/a><\/p>\n","protected":false},"author":2,"featured_media":8188,"comment_status":"closed","ping_status":"closed","sticky":false,"template":"","format":"standard","meta":{"content-type":""},"categories":[38],"tags":[],"acf":[],"yoast_head":"<!-- This site is optimized with the Yoast SEO plugin v20.13 - https:\/\/yoast.com\/wordpress\/plugins\/seo\/ -->\n<title>Natexpo 2019: Ecolive war bei der internationalen Bio-Messe vertreten<\/title>\n<meta name=\"description\" content=\"Wir an der Messe Natexpo 2019 teilgenommen, die vom 20. bis zum 22. Oktober 2019 im Parc des Expositions Paris Nord Villepinte stattfand.\" \/>\n<meta name=\"robots\" content=\"index, follow, max-snippet:-1, max-image-preview:large, max-video-preview:-1\" \/>\n<link rel=\"canonical\" href=\"https:\/\/www.ecolive.com\/de\/notre-actu-de\/natexpo-2019-ecolive\/\" \/>\n<meta property=\"og:locale\" content=\"de_DE\" \/>\n<meta property=\"og:type\" content=\"article\" \/>\n<meta property=\"og:title\" content=\"Natexpo 2019: Ecolive war bei der internationalen Bio-Messe vertreten\" \/>\n<meta property=\"og:description\" content=\"Wir an der Messe Natexpo 2019 teilgenommen, die vom 20. bis zum 22. Oktober 2019 im Parc des Expositions Paris Nord Villepinte stattfand.\" \/>\n<meta property=\"og:url\" content=\"https:\/\/www.ecolive.com\/de\/notre-actu-de\/natexpo-2019-ecolive\/\" \/>\n<meta property=\"og:site_name\" content=\"Ecolive\" \/>\n<meta property=\"article:publisher\" content=\"https:\/\/www.facebook.com\/pages\/Ecolive\/202304496496615\" \/>\n<meta property=\"article:published_time\" content=\"2019-12-17T11:19:56+00:00\" \/>\n<meta property=\"article:modified_time\" content=\"2019-12-17T11:39:55+00:00\" \/>\n<meta property=\"og:image\" content=\"https:\/\/www.ecolive.com\/assets\/2019\/12\/natexpo-2019-ecolive-header.jpg\" \/>\n\t<meta property=\"og:image:width\" content=\"1200\" \/>\n\t<meta property=\"og:image:height\" content=\"629\" \/>\n\t<meta property=\"og:image:type\" content=\"image\/jpeg\" \/>\n<meta name=\"author\" content=\"Ecolive\" \/>\n<meta name=\"twitter:card\" content=\"summary_large_image\" \/>\n<meta name=\"twitter:creator\" content=\"@ecolive_france\" \/>\n<meta name=\"twitter:site\" content=\"@ecolive_france\" \/>\n<meta name=\"twitter:label1\" content=\"Verfasst von\" \/>\n\t<meta name=\"twitter:data1\" content=\"Ecolive\" \/>\n\t<meta name=\"twitter:label2\" content=\"Gesch\u00e4tzte Lesezeit\" \/>\n\t<meta name=\"twitter:data2\" content=\"2\u00a0Minuten\" \/>\n<script type=\"application\/ld+json\" class=\"yoast-schema-graph\">{\"@context\":\"https:\/\/schema.org\",\"@graph\":[{\"@type\":\"WebPage\",\"@id\":\"https:\/\/www.ecolive.com\/de\/notre-actu-de\/natexpo-2019-ecolive\/\",\"url\":\"https:\/\/www.ecolive.com\/de\/notre-actu-de\/natexpo-2019-ecolive\/\",\"name\":\"Natexpo 2019: Ecolive war bei der internationalen Bio-Messe vertreten\",\"isPartOf\":{\"@id\":\"https:\/\/www.ecolive.com\/fr\/#website\"},\"datePublished\":\"2019-12-17T11:19:56+00:00\",\"dateModified\":\"2019-12-17T11:39:55+00:00\",\"author\":{\"@id\":\"https:\/\/www.ecolive.com\/fr\/#\/schema\/person\/6c21de678cf17f7810141bbba25f2555\"},\"description\":\"Wir an der Messe Natexpo 2019 teilgenommen, die vom 20. bis zum 22. Oktober 2019 im Parc des Expositions Paris Nord Villepinte stattfand.\",\"breadcrumb\":{\"@id\":\"https:\/\/www.ecolive.com\/de\/notre-actu-de\/natexpo-2019-ecolive\/#breadcrumb\"},\"inLanguage\":\"de\",\"potentialAction\":[{\"@type\":\"ReadAction\",\"target\":[\"https:\/\/www.ecolive.com\/de\/notre-actu-de\/natexpo-2019-ecolive\/\"]}]},{\"@type\":\"BreadcrumbList\",\"@id\":\"https:\/\/www.ecolive.com\/de\/notre-actu-de\/natexpo-2019-ecolive\/#breadcrumb\",\"itemListElement\":[{\"@type\":\"ListItem\",\"position\":1,\"name\":\"Accueil\",\"item\":\"https:\/\/www.ecolive.com\/de\/\"},{\"@type\":\"ListItem\",\"position\":2,\"name\":\"Natexpo 2019: Ecolive war bei der internationalen Bio-Messe vertreten\"}]},{\"@type\":\"WebSite\",\"@id\":\"https:\/\/www.ecolive.com\/fr\/#website\",\"url\":\"https:\/\/www.ecolive.com\/fr\/\",\"name\":\"Ecolive\",\"description\":\"Chercheur de Go\u00fbt\",\"potentialAction\":[{\"@type\":\"SearchAction\",\"target\":{\"@type\":\"EntryPoint\",\"urlTemplate\":\"https:\/\/www.ecolive.com\/fr\/?s={search_term_string}\"},\"query-input\":\"required name=search_term_string\"}],\"inLanguage\":\"de\"},{\"@type\":\"Person\",\"@id\":\"https:\/\/www.ecolive.com\/fr\/#\/schema\/person\/6c21de678cf17f7810141bbba25f2555\",\"name\":\"Ecolive\",\"sameAs\":[\"https:\/\/www.ecolive.com\/\"],\"url\":\"https:\/\/www.ecolive.com\/de\/author\/editor_ecolive\/\"}]}<\/script>\n<!-- \/ Yoast SEO plugin. -->","yoast_head_json":{"title":"Natexpo 2019: Ecolive war bei der internationalen Bio-Messe vertreten","description":"Wir an der Messe Natexpo 2019 teilgenommen, die vom 20. bis zum 22. Oktober 2019 im Parc des Expositions Paris Nord Villepinte stattfand.","robots":{"index":"index","follow":"follow","max-snippet":"max-snippet:-1","max-image-preview":"max-image-preview:large","max-video-preview":"max-video-preview:-1"},"canonical":"https:\/\/www.ecolive.com\/de\/notre-actu-de\/natexpo-2019-ecolive\/","og_locale":"de_DE","og_type":"article","og_title":"Natexpo 2019: Ecolive war bei der internationalen Bio-Messe vertreten","og_description":"Wir an der Messe Natexpo 2019 teilgenommen, die vom 20. bis zum 22. Oktober 2019 im Parc des Expositions Paris Nord Villepinte stattfand.","og_url":"https:\/\/www.ecolive.com\/de\/notre-actu-de\/natexpo-2019-ecolive\/","og_site_name":"Ecolive","article_publisher":"https:\/\/www.facebook.com\/pages\/Ecolive\/202304496496615","article_published_time":"2019-12-17T11:19:56+00:00","article_modified_time":"2019-12-17T11:39:55+00:00","og_image":[{"width":1200,"height":629,"url":"https:\/\/www.ecolive.com\/assets\/2019\/12\/natexpo-2019-ecolive-header.jpg","type":"image\/jpeg"}],"author":"Ecolive","twitter_card":"summary_large_image","twitter_creator":"@ecolive_france","twitter_site":"@ecolive_france","twitter_misc":{"Verfasst von":"Ecolive","Gesch\u00e4tzte Lesezeit":"2\u00a0Minuten"},"schema":{"@context":"https:\/\/schema.org","@graph":[{"@type":"WebPage","@id":"https:\/\/www.ecolive.com\/de\/notre-actu-de\/natexpo-2019-ecolive\/","url":"https:\/\/www.ecolive.com\/de\/notre-actu-de\/natexpo-2019-ecolive\/","name":"Natexpo 2019: Ecolive war bei der internationalen Bio-Messe vertreten","isPartOf":{"@id":"https:\/\/www.ecolive.com\/fr\/#website"},"datePublished":"2019-12-17T11:19:56+00:00","dateModified":"2019-12-17T11:39:55+00:00","author":{"@id":"https:\/\/www.ecolive.com\/fr\/#\/schema\/person\/6c21de678cf17f7810141bbba25f2555"},"description":"Wir an der Messe Natexpo 2019 teilgenommen, die vom 20. bis zum 22. Oktober 2019 im Parc des Expositions Paris Nord Villepinte stattfand.","breadcrumb":{"@id":"https:\/\/www.ecolive.com\/de\/notre-actu-de\/natexpo-2019-ecolive\/#breadcrumb"},"inLanguage":"de","potentialAction":[{"@type":"ReadAction","target":["https:\/\/www.ecolive.com\/de\/notre-actu-de\/natexpo-2019-ecolive\/"]}]},{"@type":"BreadcrumbList","@id":"https:\/\/www.ecolive.com\/de\/notre-actu-de\/natexpo-2019-ecolive\/#breadcrumb","itemListElement":[{"@type":"ListItem","position":1,"name":"Accueil","item":"https:\/\/www.ecolive.com\/de\/"},{"@type":"ListItem","position":2,"name":"Natexpo 2019: Ecolive war bei der internationalen Bio-Messe vertreten"}]},{"@type":"WebSite","@id":"https:\/\/www.ecolive.com\/fr\/#website","url":"https:\/\/www.ecolive.com\/fr\/","name":"Ecolive","description":"Chercheur de Go\u00fbt","potentialAction":[{"@type":"SearchAction","target":{"@type":"EntryPoint","urlTemplate":"https:\/\/www.ecolive.com\/fr\/?s={search_term_string}"},"query-input":"required name=search_term_string"}],"inLanguage":"de"},{"@type":"Person","@id":"https:\/\/www.ecolive.com\/fr\/#\/schema\/person\/6c21de678cf17f7810141bbba25f2555","name":"Ecolive","sameAs":["https:\/\/www.ecolive.com\/"],"url":"https:\/\/www.ecolive.com\/de\/author\/editor_ecolive\/"}]}},"_links":{"self":[{"href":"https:\/\/www.ecolive.com\/de\/wp-json\/wp\/v2\/posts\/8172"}],"collection":[{"href":"https:\/\/www.ecolive.com\/de\/wp-json\/wp\/v2\/posts"}],"about":[{"href":"https:\/\/www.ecolive.com\/de\/wp-json\/wp\/v2\/types\/post"}],"author":[{"embeddable":true,"href":"https:\/\/www.ecolive.com\/de\/wp-json\/wp\/v2\/users\/2"}],"replies":[{"embeddable":true,"href":"https:\/\/www.ecolive.com\/de\/wp-json\/wp\/v2\/comments?post=8172"}],"version-history":[{"count":5,"href":"https:\/\/www.ecolive.com\/de\/wp-json\/wp\/v2\/posts\/8172\/revisions"}],"predecessor-version":[{"id":8225,"href":"https:\/\/www.ecolive.com\/de\/wp-json\/wp\/v2\/posts\/8172\/revisions\/8225"}],"wp:featuredmedia":[{"embeddable":true,"href":"https:\/\/www.ecolive.com\/de\/wp-json\/wp\/v2\/media\/8188"}],"wp:attachment":[{"href":"https:\/\/www.ecolive.com\/de\/wp-json\/wp\/v2\/media?parent=8172"}],"wp:term":[{"taxonomy":"category","embeddable":true,"href":"https:\/\/www.ecolive.com\/de\/wp-json\/wp\/v2\/categories?post=8172"},{"taxonomy":"post_tag","embeddable":true,"href":"https:\/\/www.ecolive.com\/de\/wp-json\/wp\/v2\/tags?post=8172"}],"curies":[{"name":"wp","href":"https:\/\/api.w.org\/{rel}","templated":true}]}}